{"id":17846,"date":"2019-06-23T16:57:29","date_gmt":"2019-06-23T19:57:29","guid":{"rendered":"http:\/\/www.portalalerta.com.br\/?p=17846"},"modified":"2019-06-23T16:57:29","modified_gmt":"2019-06-23T19:57:29","slug":"homem-fica-ferido-ao-ter-residencia-invadida-e-ser-atingido-por-facada-em-ribeira-do-pombal-ba","status":"publish","type":"post","link":"https:\/\/www.portalalerta.com.br\/index.php\/2019\/06\/23\/homem-fica-ferido-ao-ter-residencia-invadida-e-ser-atingido-por-facada-em-ribeira-do-pombal-ba\/","title":{"rendered":"Homem fica ferido ao ter resid\u00eancia invadida e ser atingido por facada, em Ribeira do Pombal-BA"},"content":{"rendered":"<p style=\"text-align: justify;\">Por volta de 01:30h de domingo, 23, policiais militares do 2\u00ba Pelot\u00e3o\/ Ribeira do Pombal-BA, foram informados de que um homem tinha sido v\u00edtima de uma facada, no Bairro Vila Oper\u00e1ria, em Ribeira do Pombal-BA.<!--more--><\/p>\n<p style=\"text-align: justify;\">Os militares seguiram para o local, onde encontraram Marcelo dos Santos, 38 anos, ferido com um golpe de faca, j\u00e1 sendo socorrido por populares, que o conduziram para o Hospital Geral Santa Tereza.<\/p>\n<p style=\"text-align: justify;\"><img fetchpriority=\"high\" decoding=\"async\" class=\"size-thumbnail wp-image-17617 aligncenter\" src=\"http:\/\/www.portalalerta.com.br\/wp-content\/uploads\/2019\/06\/Real-S\u00e3o-Jo\u00e3o-2019-1-631x240.jpg\" alt=\"\" width=\"631\" height=\"240\" srcset=\"https:\/\/www.portalalerta.com.br\/wp-content\/uploads\/2019\/06\/Real-S\u00e3o-Jo\u00e3o-2019-1-631x240.jpg 631w, https:\/\/www.portalalerta.com.br\/wp-content\/uploads\/2019\/06\/Real-S\u00e3o-Jo\u00e3o-2019-1-260x99.jpg 260w, https:\/\/www.portalalerta.com.br\/wp-content\/uploads\/2019\/06\/Real-S\u00e3o-Jo\u00e3o-2019-1-50x19.jpg 50w, https:\/\/www.portalalerta.com.br\/wp-content\/uploads\/2019\/06\/Real-S\u00e3o-Jo\u00e3o-2019-1-150x57.jpg 150w, https:\/\/www.portalalerta.com.br\/wp-content\/uploads\/2019\/06\/Real-S\u00e3o-Jo\u00e3o-2019-1.jpg 720w\" sizes=\"(max-width: 631px) 100vw, 631px\" \/>J\u00e1 na Unidade Hospitalar, uma testemunha, cuja identidade foi preservada, afirmou que estava no interior da pr\u00f3pria resid\u00eancia em companhia da v\u00edtima, quando o autor identificado como \u201cCaboquinho\u201d teria invadido a casa, onde desferiu o golpe contra o rapaz. Na sequ\u00eancia Caboquinho teria fugido para um destino ignorado.<\/p>\n<p style=\"text-align: justify;\">Policiais fizeram buscas pelo suspeito, por\u00e9m at\u00e9 o momento do fechamento desta mat\u00e9ria, o mesmo n\u00e3o foi encontrado.<\/p>\n<p style=\"text-align: justify;\"><a href=\"http:\/\/www.facebook.com.br\/pombalalerta\"><strong>Curta nossa p\u00e1gina no facebook, e continue atualizado sobre tudo o que acontece em sua cidade!<\/strong><\/a><\/p>\n<p style=\"text-align: justify;\"><a href=\"https:\/\/play.google.com\/store\/apps\/details?id=com.globalstore.pombalalerta&amp;hl=pt_BR\"><strong>Baixe o nosso aplicativo, e fique de olho na not\u00edcia!<\/strong><\/a><\/p>\n<p style=\"text-align: justify;\"><em>Reda\u00e7\u00e3o: Portal Alerta<\/em><\/p>\n","protected":false},"excerpt":{"rendered":"<p>Por volta de 01:30h de domingo, 23, policiais militares do 2\u00ba Pelot\u00e3o\/ Ribeira do Pombal-BA, foram informados de que um homem tinha sido v\u00edtima de uma facada, no Bairro Vila Oper\u00e1ria, em Ribeira do Pombal-BA.<\/p>\n","protected":false},"author":2,"featured_media":4232,"comment_status":"open","ping_status":"open","sticky":false,"template":"","format":"standard","meta":{"om_disable_all_campaigns":false,"_monsterinsights_skip_tracking":false,"_monsterinsights_sitenote_active":false,"_monsterinsights_sitenote_note":"","_monsterinsights_sitenote_category":0,"footnotes":""},"categories":[70,69,32,3,22],"tags":[492,299,151,665,47],"class_list":["post-17846","post","type-post","status-publish","format-standard","has-post-thumbnail","hentry","category-destaques","category-noticias2","category-regiao","category-ribeira-do-pombal","category-seguranca","tag-facada","tag-ferido","tag-hgst","tag-invasao-de-domicilio","tag-ribeira-do-pombal"],"aioseo_notices":[],"_links":{"self":[{"href":"https:\/\/www.portalalerta.com.br\/index.php\/wp-json\/wp\/v2\/posts\/17846","targetHints":{"allow":["GET"]}}],"collection":[{"href":"https:\/\/www.portalalerta.com.br\/index.php\/wp-json\/wp\/v2\/posts"}],"about":[{"href":"https:\/\/www.portalalerta.com.br\/index.php\/wp-json\/wp\/v2\/types\/post"}],"author":[{"embeddable":true,"href":"https:\/\/www.portalalerta.com.br\/index.php\/wp-json\/wp\/v2\/users\/2"}],"replies":[{"embeddable":true,"href":"https:\/\/www.portalalerta.com.br\/index.php\/wp-json\/wp\/v2\/comments?post=17846"}],"version-history":[{"count":0,"href":"https:\/\/www.portalalerta.com.br\/index.php\/wp-json\/wp\/v2\/posts\/17846\/revisions"}],"wp:featuredmedia":[{"embeddable":true,"href":"https:\/\/www.portalalerta.com.br\/index.php\/wp-json\/wp\/v2\/media\/4232"}],"wp:attachment":[{"href":"https:\/\/www.portalalerta.com.br\/index.php\/wp-json\/wp\/v2\/media?parent=17846"}],"wp:term":[{"taxonomy":"category","embeddable":true,"href":"https:\/\/www.portalalerta.com.br\/index.php\/wp-json\/wp\/v2\/categories?post=17846"},{"taxonomy":"post_tag","embeddable":true,"href":"https:\/\/www.portalalerta.com.br\/index.php\/wp-json\/wp\/v2\/tags?post=17846"}],"curies":[{"name":"wp","href":"https:\/\/api.w.org\/{rel}","templated":true}]}}