{"id":17848,"date":"2019-06-23T16:58:39","date_gmt":"2019-06-23T19:58:39","guid":{"rendered":"http:\/\/www.portalalerta.com.br\/?p=17848"},"modified":"2019-06-23T16:58:39","modified_gmt":"2019-06-23T19:58:39","slug":"cicero-dantas-ba-registra-mais-um-homicidio-2","status":"publish","type":"post","link":"https:\/\/www.portalalerta.com.br\/index.php\/2019\/06\/23\/cicero-dantas-ba-registra-mais-um-homicidio-2\/","title":{"rendered":"C\u00edcero Dantas-BA registra mais um homic\u00eddio"},"content":{"rendered":"<p style=\"text-align: justify;\">Por volta das 05:20hs deste domingo, 23, policiais militares do 3\u00ba Pelot\u00e3o\/ C\u00edcero Dantas-BA, foram informados da exist\u00eancia de um corpo de um jovem, aparentemente sem os sinais vitais, em frente ao Cemit\u00e9rio Municipal, no bairro Alto da Santa Cruz, no referido munic\u00edpio.<!--more--><\/p>\n<p style=\"text-align: justify;\"><img fetchpriority=\"high\" decoding=\"async\" class=\"size-full wp-image-2902 alignleft\" src=\"http:\/\/www.portalalerta.com.br\/wp-content\/uploads\/2017\/11\/elab-2.jpg\" alt=\"\" width=\"310\" height=\"200\" srcset=\"https:\/\/www.portalalerta.com.br\/wp-content\/uploads\/2017\/11\/elab-2.jpg 310w, https:\/\/www.portalalerta.com.br\/wp-content\/uploads\/2017\/11\/elab-2-226x146.jpg 226w, https:\/\/www.portalalerta.com.br\/wp-content\/uploads\/2017\/11\/elab-2-50x32.jpg 50w, https:\/\/www.portalalerta.com.br\/wp-content\/uploads\/2017\/11\/elab-2-116x75.jpg 116w\" sizes=\"(max-width: 310px) 100vw, 310px\" \/>Os militares seguiram para o local indicado, onde encontraram a v\u00edtima identificada como Emanoel dos Santos Almeida, 20 anos, j\u00e1 sem os sinais vitais, apresentando ferimentos na cabe\u00e7a, provavelmente provocados por disparos de arma de fogo.<\/p>\n<p style=\"text-align: justify;\">Ainda de acordo com informa\u00e7\u00f5es, Emanoel que acumulava passagens pela pr\u00e1tica de roubo, teria participado de uma festa, onde se envolveu numa confus\u00e3o momentos antes do crime.<\/p>\n<p style=\"text-align: justify;\">O caso foi informado ao Departamento de Pol\u00edcia T\u00e9cnica para a realiza\u00e7\u00e3o de per\u00edcia, bem como a remo\u00e7\u00e3o do corpo para ser autopsiado.<\/p>\n<figure id=\"attachment_17849\" aria-describedby=\"caption-attachment-17849\" style=\"width: 200px\" class=\"wp-caption aligncenter\"><img decoding=\"async\" class=\"wp-image-17849 size-full\" src=\"http:\/\/www.portalalerta.com.br\/wp-content\/uploads\/2019\/06\/homic\u00eddio-em-C\u00edcero-Dantas-2019.3.jpeg\" alt=\"\" width=\"200\" height=\"250\" srcset=\"https:\/\/www.portalalerta.com.br\/wp-content\/uploads\/2019\/06\/homic\u00eddio-em-C\u00edcero-Dantas-2019.3.jpeg 200w, https:\/\/www.portalalerta.com.br\/wp-content\/uploads\/2019\/06\/homic\u00eddio-em-C\u00edcero-Dantas-2019.3-192x240.jpeg 192w, https:\/\/www.portalalerta.com.br\/wp-content\/uploads\/2019\/06\/homic\u00eddio-em-C\u00edcero-Dantas-2019.3-117x146.jpeg 117w, https:\/\/www.portalalerta.com.br\/wp-content\/uploads\/2019\/06\/homic\u00eddio-em-C\u00edcero-Dantas-2019.3-40x50.jpeg 40w, https:\/\/www.portalalerta.com.br\/wp-content\/uploads\/2019\/06\/homic\u00eddio-em-C\u00edcero-Dantas-2019.3-60x75.jpeg 60w\" sizes=\"(max-width: 200px) 100vw, 200px\" \/><figcaption id=\"caption-attachment-17849\" class=\"wp-caption-text\">Emanoel foi encontrado j\u00e1 sem os sinais vitais<\/figcaption><\/figure>\n<p style=\"text-align: justify;\">Este \u00e9 o oitavo homic\u00eddio do ano em C\u00edcero Dantas.<\/p>\n<p style=\"text-align: justify;\"><a href=\"http:\/\/www.facebook.com.br\/pombalalerta\"><strong>Curta nossa p\u00e1gina no facebook, e continue atualizado sobre tudo o que acontece em sua cidade!<\/strong><\/a><\/p>\n<p style=\"text-align: justify;\"><a href=\"https:\/\/play.google.com\/store\/apps\/details?id=com.globalstore.pombalalerta&amp;hl=pt_BR\"><strong>Baixe o nosso aplicativo, e fique de olho na not\u00edcia!<\/strong><\/a><\/p>\n<p style=\"text-align: justify;\"><em>Reda\u00e7\u00e3o: Portal Alerta<\/em><\/p>\n<p style=\"text-align: justify;\">\n","protected":false},"excerpt":{"rendered":"<p>Por volta das 05:20hs deste domingo, 23, policiais militares do 3\u00ba Pelot\u00e3o\/ C\u00edcero Dantas-BA, foram informados da exist\u00eancia de um corpo de um jovem, aparentemente sem os sinais vitais, em frente ao Cemit\u00e9rio Municipal, no bairro Alto da Santa Cruz, no referido munic\u00edpio.<\/p>\n","protected":false},"author":2,"featured_media":17850,"comment_status":"open","ping_status":"open","sticky":false,"template":"","format":"standard","meta":{"om_disable_all_campaigns":false,"_monsterinsights_skip_tracking":false,"_monsterinsights_sitenote_active":false,"_monsterinsights_sitenote_note":"","_monsterinsights_sitenote_category":0,"footnotes":""},"categories":[4,70,69,32,22],"tags":[75,206],"class_list":["post-17848","post","type-post","status-publish","format-standard","has-post-thumbnail","hentry","category-cicero-dantas","category-destaques","category-noticias2","category-regiao","category-seguranca","tag-cicero-dantas","tag-homicidio"],"aioseo_notices":[],"_links":{"self":[{"href":"https:\/\/www.portalalerta.com.br\/index.php\/wp-json\/wp\/v2\/posts\/17848","targetHints":{"allow":["GET"]}}],"collection":[{"href":"https:\/\/www.portalalerta.com.br\/index.php\/wp-json\/wp\/v2\/posts"}],"about":[{"href":"https:\/\/www.portalalerta.com.br\/index.php\/wp-json\/wp\/v2\/types\/post"}],"author":[{"embeddable":true,"href":"https:\/\/www.portalalerta.com.br\/index.php\/wp-json\/wp\/v2\/users\/2"}],"replies":[{"embeddable":true,"href":"https:\/\/www.portalalerta.com.br\/index.php\/wp-json\/wp\/v2\/comments?post=17848"}],"version-history":[{"count":0,"href":"https:\/\/www.portalalerta.com.br\/index.php\/wp-json\/wp\/v2\/posts\/17848\/revisions"}],"wp:featuredmedia":[{"embeddable":true,"href":"https:\/\/www.portalalerta.com.br\/index.php\/wp-json\/wp\/v2\/media\/17850"}],"wp:attachment":[{"href":"https:\/\/www.portalalerta.com.br\/index.php\/wp-json\/wp\/v2\/media?parent=17848"}],"wp:term":[{"taxonomy":"category","embeddable":true,"href":"https:\/\/www.portalalerta.com.br\/index.php\/wp-json\/wp\/v2\/categories?post=17848"},{"taxonomy":"post_tag","embeddable":true,"href":"https:\/\/www.portalalerta.com.br\/index.php\/wp-json\/wp\/v2\/tags?post=17848"}],"curies":[{"name":"wp","href":"https:\/\/api.w.org\/{rel}","templated":true}]}}