{"id":17860,"date":"2019-06-25T14:29:39","date_gmt":"2019-06-25T17:29:39","guid":{"rendered":"http:\/\/www.portalalerta.com.br\/?p=17860"},"modified":"2019-06-25T14:29:39","modified_gmt":"2019-06-25T17:29:39","slug":"tenente-da-pm-e-preso-por-receptacao-de-veiculo-furtado-no-interior-da-bahia","status":"publish","type":"post","link":"https:\/\/www.portalalerta.com.br\/index.php\/2019\/06\/25\/tenente-da-pm-e-preso-por-receptacao-de-veiculo-furtado-no-interior-da-bahia\/","title":{"rendered":"Tenente da PM \u00e9 preso por recepta\u00e7\u00e3o de ve\u00edculo furtado no interior da Bahia"},"content":{"rendered":"<p style=\"text-align: justify;\">Uma opera\u00e7\u00e3o conjunta realizada por equipes das pol\u00edcias Militar, Civil e Rodovi\u00e1ria Federal resultou na pris\u00e3o do tenente da PM Thiago Lima e Silva, que foi flagrado em posse de um ve\u00edculo com restri\u00e7\u00e3o de furto e roubo, em Paulo Afonso, no Vale do S\u00e3o Francisco. O flagrante foi registrado nesta segunda-feira (24).<!--more--><\/p>\n<p style=\"text-align: justify;\"><img fetchpriority=\"high\" decoding=\"async\" class=\"size-full wp-image-2902 alignleft\" src=\"http:\/\/www.portalalerta.com.br\/wp-content\/uploads\/2017\/11\/elab-2.jpg\" alt=\"\" width=\"310\" height=\"200\" srcset=\"https:\/\/www.portalalerta.com.br\/wp-content\/uploads\/2017\/11\/elab-2.jpg 310w, https:\/\/www.portalalerta.com.br\/wp-content\/uploads\/2017\/11\/elab-2-226x146.jpg 226w, https:\/\/www.portalalerta.com.br\/wp-content\/uploads\/2017\/11\/elab-2-50x32.jpg 50w, https:\/\/www.portalalerta.com.br\/wp-content\/uploads\/2017\/11\/elab-2-116x75.jpg 116w\" sizes=\"(max-width: 310px) 100vw, 310px\" \/>De acordo com a pol\u00edcia, o ve\u00edculo modelo Volvo XC40 T4 (2018\/2019), de cor prata e placa QPG-2C58, do Rio de Janeiro, foi alugado por um homem (natural de Salvador) em S\u00e3o Paulo, que seguiu para Minas Gerais. Naquele estado, o carro locado foi repassado para outro homem, que fez uma transfer\u00eancia fraudulenta para seu nome. O destino final foi o tenente Thiago Lima, que \u00e9 lotado na 21\u00aa Companhia Independente da Pol\u00edcia Militar (CIPM\/Cip\u00f3). A pol\u00edcia suspeita que uma quadrilha esteja atuando na regi\u00e3o.<\/p>\n<p style=\"text-align: justify;\"><strong>MONITORADO<\/strong>\u00a0&#8211; O furto do ve\u00edculo foi registrado por um funcion\u00e1rio da empresa Localiza, propriet\u00e1ria do carro alugado, em uma delegacia de S\u00e3o Paulo. O ve\u00edculo foi encontrado ap\u00f3s a den\u00fancia chegar ao conhecimento do comando do 20\u00ba Batalh\u00e3o da Pol\u00edcia Militar, de Paulo Afonso, que mobilizou as for\u00e7as de seguran\u00e7a. O servi\u00e7o de intelig\u00eancia monitorou o ve\u00edculo durante v\u00e1rios dias, inclusive acompanhando-o at\u00e9 Piranhas, em Sergipe, no \u00faltimo s\u00e1bado (22), quando foi constatado que o militar estava com o carro.<\/p>\n<p style=\"text-align: justify;\"><strong>PAGAMENTO DE FIAN\u00c7A<\/strong>\u00a0 &#8211; Thiago Lima foi detido ap\u00f3s representa\u00e7\u00e3o do Minist\u00e9rio P\u00fablico estadual. Dois aparelhos celulares encontrados com o PM foram apreendidos. O tenente foi conduzido para a delegacia local, onde foi registrada a ocorr\u00eancia de recepta\u00e7\u00e3o de ve\u00edculo. O militar foi solto ap\u00f3s pagar fian\u00e7a de R$ 10 mil. Ele responder\u00e1 pelo crime em liberdade.<\/p>\n<p style=\"text-align: justify;\"><em>Fonte: Boc\u00e3o News<\/em><\/p>\n","protected":false},"excerpt":{"rendered":"<p>Uma opera\u00e7\u00e3o conjunta realizada por equipes das pol\u00edcias Militar, Civil e Rodovi\u00e1ria Federal resultou na pris\u00e3o do tenente da PM Thiago Lima e Silva, que foi flagrado em posse de um ve\u00edculo com restri\u00e7\u00e3o de furto e roubo, em Paulo Afonso, no Vale do S\u00e3o Francisco. O flagrante foi registrado nesta segunda-feira (24).<\/p>\n","protected":false},"author":2,"featured_media":17861,"comment_status":"open","ping_status":"open","sticky":false,"template":"","format":"standard","meta":{"om_disable_all_campaigns":false,"_monsterinsights_skip_tracking":false,"_monsterinsights_sitenote_active":false,"_monsterinsights_sitenote_note":"","_monsterinsights_sitenote_category":0,"footnotes":""},"categories":[33,13,70,69,11,32,22],"tags":[54,2895,1535,357,2893,118,122,79,77,149,119,300,404,1433,2894],"class_list":["post-17860","post","type-post","status-publish","format-standard","has-post-thumbnail","hentry","category-bahia","category-cipo","category-destaques","category-noticias2","category-paripiranga","category-regiao","category-seguranca","tag-bahia","tag-carro-recuperado","tag-furto-de-carro","tag-minas-gerais","tag-oficial-pm","tag-paulo-afonso","tag-policia-civil","tag-policia-militar","tag-preso","tag-prf","tag-receptacao","tag-rio-de-janeiro","tag-sao-paulo","tag-tenente","tag-veiculo-furtado"],"aioseo_notices":[],"_links":{"self":[{"href":"https:\/\/www.portalalerta.com.br\/index.php\/wp-json\/wp\/v2\/posts\/17860","targetHints":{"allow":["GET"]}}],"collection":[{"href":"https:\/\/www.portalalerta.com.br\/index.php\/wp-json\/wp\/v2\/posts"}],"about":[{"href":"https:\/\/www.portalalerta.com.br\/index.php\/wp-json\/wp\/v2\/types\/post"}],"author":[{"embeddable":true,"href":"https:\/\/www.portalalerta.com.br\/index.php\/wp-json\/wp\/v2\/users\/2"}],"replies":[{"embeddable":true,"href":"https:\/\/www.portalalerta.com.br\/index.php\/wp-json\/wp\/v2\/comments?post=17860"}],"version-history":[{"count":0,"href":"https:\/\/www.portalalerta.com.br\/index.php\/wp-json\/wp\/v2\/posts\/17860\/revisions"}],"wp:featuredmedia":[{"embeddable":true,"href":"https:\/\/www.portalalerta.com.br\/index.php\/wp-json\/wp\/v2\/media\/17861"}],"wp:attachment":[{"href":"https:\/\/www.portalalerta.com.br\/index.php\/wp-json\/wp\/v2\/media?parent=17860"}],"wp:term":[{"taxonomy":"category","embeddable":true,"href":"https:\/\/www.portalalerta.com.br\/index.php\/wp-json\/wp\/v2\/categories?post=17860"},{"taxonomy":"post_tag","embeddable":true,"href":"https:\/\/www.portalalerta.com.br\/index.php\/wp-json\/wp\/v2\/tags?post=17860"}],"curies":[{"name":"wp","href":"https:\/\/api.w.org\/{rel}","templated":true}]}}