{"id":17867,"date":"2019-06-25T14:44:14","date_gmt":"2019-06-25T17:44:14","guid":{"rendered":"http:\/\/www.portalalerta.com.br\/?p=17867"},"modified":"2019-06-25T14:44:14","modified_gmt":"2019-06-25T17:44:14","slug":"fies-abre-inscricao-nesta-terca-feira-veja-como-garantir-financiamento","status":"publish","type":"post","link":"https:\/\/www.portalalerta.com.br\/index.php\/2019\/06\/25\/fies-abre-inscricao-nesta-terca-feira-veja-como-garantir-financiamento\/","title":{"rendered":"Fies abre inscri\u00e7\u00e3o nesta ter\u00e7a-feira; veja como garantir financiamento"},"content":{"rendered":"<p style=\"text-align: justify;\">O Fies, programa do minist\u00e9rio da Educa\u00e7\u00e3o de financiamento estudantil para cursos de gradua\u00e7\u00e3o em faculdades, institutos e universidades privadas, abriu inscri\u00e7\u00e3o nesta ter\u00e7a-feira (25). Os interessados ter\u00e3o at\u00e9 o dia 1\u00ba de julho para garantir a inscri\u00e7\u00e3o. Ela ser\u00e1 feita exclusivamente no site do programa federal.<!--more--><\/p>\n<p style=\"text-align: justify;\">O fundo possui duas modalidades de financiamento, que variam conforme a renda familiar do estudante. A cobertura come\u00e7a com 50% de subs\u00eddio e atinge at\u00e9 99% do valor do curso pretendido.<\/p>\n<p style=\"text-align: justify;\">Na primeira modalidade poder\u00e3o se inscrever os estudantes com renda per capita de at\u00e9 tr\u00eas sal\u00e1rios-m\u00ednimos, o equivalente a R$ 2.994.<\/p>\n<p style=\"text-align: justify;\">A segunda modalidade contempla os estudantes com renda per capita mensal familiar de at\u00e9 cinco sal\u00e1rios-m\u00ednimos (R$ 4.990).<\/p>\n<p style=\"text-align: justify;\">Al\u00e9m do crit\u00e9rio de renda, os tomadores do financiamento ter\u00e3o que ter nota m\u00ednima de\u00a0450 pontos no Enem (Exame Nacional do Ensino M\u00e9dio) e n\u00e3o\u00a0ter zerado a prova de reda\u00e7\u00e3o.<\/p>\n<p style=\"text-align: justify;\">Quem tiver a maior nota m\u00e9dia do Enem, segundo o Mec, tem mais chance de obter o cr\u00e9dito.<\/p>\n<p style=\"text-align: justify;\">Os selecionados far\u00e3o o contrato de financiamento entre os dias 10 e 12 de julho. Uma lista de espera ser\u00e1 formada entre os dias 15 de junho e 23 de agosto.<\/p>\n<p style=\"text-align: justify;\">O Fies enfrentou neste primeiro semestre a pior taxa de ocupa\u00e7\u00e3o\u00a0desde 2016, quando o programa passou a registrar um n\u00famero definido de vagas dispon\u00edveis ao cr\u00e9dito.<\/p>\n<p style=\"text-align: justify;\">Das 100 mil vagas ofertadas, apenas 38,7% foram preenchidas, de acordo com o FNDE (\u00f3rg\u00e3o do MEC respons\u00e1vel pela gest\u00e3o do financiamento federal).<\/p>\n<p style=\"text-align: justify;\"><strong><img fetchpriority=\"high\" decoding=\"async\" class=\"size-full wp-image-2867 aligncenter\" src=\"http:\/\/www.portalalerta.com.br\/wp-content\/uploads\/2017\/11\/protege-1.jpg\" alt=\"\" width=\"600\" height=\"140\" \/>PROBLEMAS<\/strong><\/p>\n<p style=\"text-align: justify;\">Em mar\u00e7o, muitos estudantes tiveram dificuldades para formalizar novos contratos do Fies. O MEC precisou estender o prazo de finaliza\u00e7\u00e3o da tomada de cr\u00e9dito por v\u00e1rias vezes depois de verificar que erros num sistema estavam barrando as novas contrata\u00e7\u00f5es.<\/p>\n<p style=\"text-align: justify;\">A chamada \u00fanica do Fies para o primeiro semestre deste ano saiu em 25 de fevereiro. Os estudantes tiveram entre 26 de fevereiro e 7 de mar\u00e7o para complementar a inscri\u00e7\u00e3o com documentos que atestam que eles preenchem os requisitos do programa federal. Foi nessa etapa que os alunos\u00a0tiveram problemas.<\/p>\n<p style=\"text-align: justify;\">Reportagem do jornal Folha de S.Paulo\u00a0mostrou que parte dos alunos ficou impedida de frequentar as aulas, que j\u00e1 haviam come\u00e7ado h\u00e1 mais de um m\u00eas, e at\u00e9 de fazer as provas.<\/p>\n<p style=\"text-align: justify;\">Eles disseram que chegaram a fazer p\u00e9riplos di\u00e1rios por quase um m\u00eas em ag\u00eancias banc\u00e1rias e institui\u00e7\u00f5es de ensino na tentativa de resolver a quest\u00e3o.<\/p>\n<p style=\"text-align: justify;\">O problema ocorreu principalmente na obten\u00e7\u00e3o do Documento de Regularidade de Inscri\u00e7\u00e3o (DRI) ou de Regularidade de Matr\u00edcula (DRM), necess\u00e1rios para a contrata\u00e7\u00e3o ou continuidade do financiamento.<\/p>\n<p style=\"text-align: justify;\">Por falha na transmiss\u00e3o de dados do governo federal, as institui\u00e7\u00f5es de ensino n\u00e3o estavam conseguindo emitir o documento. \u201cSempre aparece que o sistema do Fies est\u00e1 fora do ar ou que o documento est\u00e1 sem data ou chave de seguran\u00e7a\u201d, disse Sandy da Silva, 21, de Cabedelo (PB).<\/p>\n<p style=\"text-align: justify;\">Por meio de nota, o FNDE disse na ocasi\u00e3o que as falhas ou problemas em seus sistemas podem levar o MEC a prorrogar o prazo de conclus\u00e3o da inscri\u00e7\u00e3o para at\u00e9 30 de junho.<\/p>\n<p style=\"text-align: justify;\"><em>Fonte: Canabrava FM<\/em><\/p>\n<p style=\"text-align: justify;\"><em>Com informa\u00e7\u00f5es: Ag\u00eancia Brasil<\/em><\/p>\n","protected":false},"excerpt":{"rendered":"<p>O Fies, programa do minist\u00e9rio da Educa\u00e7\u00e3o de financiamento estudantil para cursos de gradua\u00e7\u00e3o em faculdades, institutos e universidades privadas, abriu inscri\u00e7\u00e3o nesta ter\u00e7a-feira (25). Os interessados ter\u00e3o at\u00e9 o dia 1\u00ba de julho para garantir a inscri\u00e7\u00e3o. Ela ser\u00e1 feita exclusivamente no site do programa federal.<\/p>\n","protected":false},"author":2,"featured_media":9241,"comment_status":"open","ping_status":"open","sticky":false,"template":"","format":"standard","meta":{"om_disable_all_campaigns":false,"_monsterinsights_skip_tracking":false,"_monsterinsights_sitenote_active":false,"_monsterinsights_sitenote_note":"","_monsterinsights_sitenote_category":0,"footnotes":""},"categories":[34,70,20,69],"tags":[93,140,1388,1896,1437,1436],"class_list":["post-17867","post","type-post","status-publish","format-standard","has-post-thumbnail","hentry","category-brasil","category-destaques","category-educacao","category-noticias2","tag-brasil","tag-educacao","tag-fies","tag-inscricoes","tag-mec","tag-ministerio-da-educacao"],"aioseo_notices":[],"_links":{"self":[{"href":"https:\/\/www.portalalerta.com.br\/index.php\/wp-json\/wp\/v2\/posts\/17867","targetHints":{"allow":["GET"]}}],"collection":[{"href":"https:\/\/www.portalalerta.com.br\/index.php\/wp-json\/wp\/v2\/posts"}],"about":[{"href":"https:\/\/www.portalalerta.com.br\/index.php\/wp-json\/wp\/v2\/types\/post"}],"author":[{"embeddable":true,"href":"https:\/\/www.portalalerta.com.br\/index.php\/wp-json\/wp\/v2\/users\/2"}],"replies":[{"embeddable":true,"href":"https:\/\/www.portalalerta.com.br\/index.php\/wp-json\/wp\/v2\/comments?post=17867"}],"version-history":[{"count":0,"href":"https:\/\/www.portalalerta.com.br\/index.php\/wp-json\/wp\/v2\/posts\/17867\/revisions"}],"wp:featuredmedia":[{"embeddable":true,"href":"https:\/\/www.portalalerta.com.br\/index.php\/wp-json\/wp\/v2\/media\/9241"}],"wp:attachment":[{"href":"https:\/\/www.portalalerta.com.br\/index.php\/wp-json\/wp\/v2\/media?parent=17867"}],"wp:term":[{"taxonomy":"category","embeddable":true,"href":"https:\/\/www.portalalerta.com.br\/index.php\/wp-json\/wp\/v2\/categories?post=17867"},{"taxonomy":"post_tag","embeddable":true,"href":"https:\/\/www.portalalerta.com.br\/index.php\/wp-json\/wp\/v2\/tags?post=17867"}],"curies":[{"name":"wp","href":"https:\/\/api.w.org\/{rel}","templated":true}]}}