{"id":17870,"date":"2019-06-26T12:50:07","date_gmt":"2019-06-26T15:50:07","guid":{"rendered":"http:\/\/www.portalalerta.com.br\/?p=17870"},"modified":"2019-06-26T12:50:07","modified_gmt":"2019-06-26T15:50:07","slug":"homem-morre-apos-cair-em-fosso-de-elevador-durante-servico-em-condominio-de-luxo-em-salvador-ba","status":"publish","type":"post","link":"https:\/\/www.portalalerta.com.br\/index.php\/2019\/06\/26\/homem-morre-apos-cair-em-fosso-de-elevador-durante-servico-em-condominio-de-luxo-em-salvador-ba\/","title":{"rendered":"Homem morre ap\u00f3s cair em fosso de elevador durante servi\u00e7o em condom\u00ednio de luxo em Salvador-BA"},"content":{"rendered":"<p style=\"text-align: justify;\">Caso ocorreu na manh\u00e3 deste s\u00e1bado (22), no Horto, e ser\u00e1 investigado na 6\u00aa Delegacia.<!--more--><\/p>\n<p style=\"text-align: justify;\">Um jovem de 29 anos morreu ap\u00f3s cair no fosso de um elevador em um condom\u00ednio de luxo na regi\u00e3o do Horto Florestal, em Salvador, na manh\u00e3 do \u00faltimo s\u00e1bado (22). De acordo com informa\u00e7\u00f5es iniciais do Corpo de Bombeiros, a v\u00edtima trabalhava na manuten\u00e7\u00e3o de um dos elevadores do Edif\u00edcio Horto Santa Luzia quando o acidente ocorreu.<\/p>\n<p style=\"text-align: justify;\">O rapaz, identificado como Felipe S\u00e1tiro dos Santos, era funcion\u00e1rio de uma empresa especializada no setor de instala\u00e7\u00e3o e manuten\u00e7\u00e3o de elevadores e trabalhava no 24\u00ba andar quando acabou despencando de uma altura de cerca de 72 metros.<\/p>\n<p style=\"text-align: justify;\"><img fetchpriority=\"high\" decoding=\"async\" class=\"size-thumbnail wp-image-17617 aligncenter\" src=\"http:\/\/www.portalalerta.com.br\/wp-content\/uploads\/2019\/06\/Real-S\u00e3o-Jo\u00e3o-2019-1-631x240.jpg\" alt=\"\" width=\"631\" height=\"240\" srcset=\"https:\/\/www.portalalerta.com.br\/wp-content\/uploads\/2019\/06\/Real-S\u00e3o-Jo\u00e3o-2019-1-631x240.jpg 631w, https:\/\/www.portalalerta.com.br\/wp-content\/uploads\/2019\/06\/Real-S\u00e3o-Jo\u00e3o-2019-1-260x99.jpg 260w, https:\/\/www.portalalerta.com.br\/wp-content\/uploads\/2019\/06\/Real-S\u00e3o-Jo\u00e3o-2019-1-50x19.jpg 50w, https:\/\/www.portalalerta.com.br\/wp-content\/uploads\/2019\/06\/Real-S\u00e3o-Jo\u00e3o-2019-1-150x57.jpg 150w, https:\/\/www.portalalerta.com.br\/wp-content\/uploads\/2019\/06\/Real-S\u00e3o-Jo\u00e3o-2019-1.jpg 720w\" sizes=\"(max-width: 631px) 100vw, 631px\" \/>Ainda conforme os bombeiros, as placas de concreto que permitem o funcionamento do elevador ca\u00edram sobre a v\u00edtima, mas o equipamento permaneceu parado no 24\u00ba andar.<\/p>\n<p style=\"text-align: justify;\">Outros dois funcion\u00e1rios tamb\u00e9m trabalhavam na manuten\u00e7\u00e3o dos elevadores do edif\u00edcio no momento do ocorrido. Eles n\u00e3o tiveram ferimentos. O servi\u00e7o foi suspenso e a \u00e1rea onde a v\u00edtima caiu foi isolada.<\/p>\n<p style=\"text-align: justify;\">Equipes do Corpo de Bombeiros, Samu e Salvar foram deslocadas, mas ao chegarem ao local j\u00e1 encontraram a v\u00edtima morta. A Pol\u00edcia T\u00e9cnica foi acionada para fazer per\u00edcia e a retirada do rapaz\u00a0\u00a0do fosso. At\u00e9 por volta das 11h20, o corpo da v\u00edtima ainda estava no local.<\/p>\n<p style=\"text-align: justify;\"><em>Fonte: Gazeta do Mel<\/em><\/p>\n<p style=\"text-align: justify;\"><em>Com informa\u00e7\u00f5es: G1-BA<\/em><\/p>\n","protected":false},"excerpt":{"rendered":"<p>Caso ocorreu na manh\u00e3 deste s\u00e1bado (22), no Horto, e ser\u00e1 investigado na 6\u00aa Delegacia.<\/p>\n","protected":false},"author":2,"featured_media":17871,"comment_status":"open","ping_status":"open","sticky":false,"template":"","format":"standard","meta":{"om_disable_all_campaigns":false,"_monsterinsights_skip_tracking":false,"_monsterinsights_sitenote_active":false,"_monsterinsights_sitenote_note":"","_monsterinsights_sitenote_category":0,"footnotes":""},"categories":[33,70,69],"tags":[166,54,169,330],"class_list":["post-17870","post","type-post","status-publish","format-standard","has-post-thumbnail","hentry","category-bahia","category-destaques","category-noticias2","tag-acidente","tag-bahia","tag-morte","tag-salvador"],"aioseo_notices":[],"_links":{"self":[{"href":"https:\/\/www.portalalerta.com.br\/index.php\/wp-json\/wp\/v2\/posts\/17870","targetHints":{"allow":["GET"]}}],"collection":[{"href":"https:\/\/www.portalalerta.com.br\/index.php\/wp-json\/wp\/v2\/posts"}],"about":[{"href":"https:\/\/www.portalalerta.com.br\/index.php\/wp-json\/wp\/v2\/types\/post"}],"author":[{"embeddable":true,"href":"https:\/\/www.portalalerta.com.br\/index.php\/wp-json\/wp\/v2\/users\/2"}],"replies":[{"embeddable":true,"href":"https:\/\/www.portalalerta.com.br\/index.php\/wp-json\/wp\/v2\/comments?post=17870"}],"version-history":[{"count":0,"href":"https:\/\/www.portalalerta.com.br\/index.php\/wp-json\/wp\/v2\/posts\/17870\/revisions"}],"wp:featuredmedia":[{"embeddable":true,"href":"https:\/\/www.portalalerta.com.br\/index.php\/wp-json\/wp\/v2\/media\/17871"}],"wp:attachment":[{"href":"https:\/\/www.portalalerta.com.br\/index.php\/wp-json\/wp\/v2\/media?parent=17870"}],"wp:term":[{"taxonomy":"category","embeddable":true,"href":"https:\/\/www.portalalerta.com.br\/index.php\/wp-json\/wp\/v2\/categories?post=17870"},{"taxonomy":"post_tag","embeddable":true,"href":"https:\/\/www.portalalerta.com.br\/index.php\/wp-json\/wp\/v2\/tags?post=17870"}],"curies":[{"name":"wp","href":"https:\/\/api.w.org\/{rel}","templated":true}]}}