{"id":17873,"date":"2019-06-26T13:13:38","date_gmt":"2019-06-26T16:13:38","guid":{"rendered":"http:\/\/www.portalalerta.com.br\/?p=17873"},"modified":"2019-06-26T13:13:38","modified_gmt":"2019-06-26T16:13:38","slug":"hospitais-de-ribeira-do-pombal-ba-celebram-sao-joao-com-seus-pacientes","status":"publish","type":"post","link":"https:\/\/www.portalalerta.com.br\/index.php\/2019\/06\/26\/hospitais-de-ribeira-do-pombal-ba-celebram-sao-joao-com-seus-pacientes\/","title":{"rendered":"Hospitais de Ribeira do Pombal-BA celebram S\u00e3o Jo\u00e3o com seus pacientes"},"content":{"rendered":"<p style=\"text-align: justify;\">Que o per\u00edodo junino \u00e9 um dos mais queridos dos nordestinos, isso todos j\u00e1 sabem. E por conta disso, hospitais de Ribeira do Pombal-BA n\u00e3o deixaram os festejos passarem em branco, proporcionando momentos de alegria para seus respectivos pacientes.<!--more--><\/p>\n<p style=\"text-align: justify;\">Como j\u00e1 \u00e9 tradi\u00e7\u00e3o, o Hospital do Rim promoveu mais uma edi\u00e7\u00e3o do \u201cArrai\u00e1 Dial\u00edtico\u201d, nos dias 20 e 21 do corrente m\u00eas, onde os presentes dan\u00e7aram bastante forr\u00f3 embalados por bandas, demonstrando uma verdadeira integra\u00e7\u00e3o entre acompanhantes, pacientes e funcion\u00e1rios.<\/p>\n<p style=\"text-align: justify;\">O PORTAL ALERTA presenciou este momento de alegria. <strong>Confira:<\/strong><\/p>\n<p><iframe title=\"Arrai\u00e1 Dial\u00edtico no Hospital do Rim em Ribeira do Pombal 2019\" width=\"500\" height=\"281\" src=\"https:\/\/www.youtube.com\/embed\/GJAi-L1OYyo?feature=oembed\" frameborder=\"0\" allow=\"accelerometer; autoplay; clipboard-write; encrypted-media; gyroscope; picture-in-picture; web-share\" referrerpolicy=\"strict-origin-when-cross-origin\" allowfullscreen><\/iframe><\/p>\n<p style=\"text-align: justify;\"><strong>Hospital Geral Santa Tereza<\/strong><\/p>\n<p><img fetchpriority=\"high\" decoding=\"async\" class=\"aligncenter wp-image-17874 size-full\" src=\"http:\/\/www.portalalerta.com.br\/wp-content\/uploads\/2019\/06\/Musicoterapia-HGST-2019.jpeg\" alt=\"\" width=\"720\" height=\"788\" srcset=\"https:\/\/www.portalalerta.com.br\/wp-content\/uploads\/2019\/06\/Musicoterapia-HGST-2019.jpeg 720w, https:\/\/www.portalalerta.com.br\/wp-content\/uploads\/2019\/06\/Musicoterapia-HGST-2019-219x240.jpeg 219w, https:\/\/www.portalalerta.com.br\/wp-content\/uploads\/2019\/06\/Musicoterapia-HGST-2019-133x146.jpeg 133w, https:\/\/www.portalalerta.com.br\/wp-content\/uploads\/2019\/06\/Musicoterapia-HGST-2019-46x50.jpeg 46w, https:\/\/www.portalalerta.com.br\/wp-content\/uploads\/2019\/06\/Musicoterapia-HGST-2019-69x75.jpeg 69w\" sizes=\"(max-width: 720px) 100vw, 720px\" \/><\/p>\n<p style=\"text-align: justify;\">O Hospital Geral Santa Tereza, tamb\u00e9m entrou no clima. Pacientes que estavam em seus respectivos leitos, foram <img decoding=\"async\" class=\"size-full wp-image-2902 alignleft\" src=\"http:\/\/www.portalalerta.com.br\/wp-content\/uploads\/2017\/11\/elab-2.jpg\" alt=\"\" width=\"310\" height=\"200\" srcset=\"https:\/\/www.portalalerta.com.br\/wp-content\/uploads\/2017\/11\/elab-2.jpg 310w, https:\/\/www.portalalerta.com.br\/wp-content\/uploads\/2017\/11\/elab-2-226x146.jpg 226w, https:\/\/www.portalalerta.com.br\/wp-content\/uploads\/2017\/11\/elab-2-50x32.jpg 50w, https:\/\/www.portalalerta.com.br\/wp-content\/uploads\/2017\/11\/elab-2-116x75.jpg 116w\" sizes=\"(max-width: 310px) 100vw, 310px\" \/>surpreendidos pela equipe da Unidade Hospitalar, que \u201cinvadiu\u201d os quartos, cantando e dan\u00e7ando o melhor do Forr\u00f3.<\/p>\n<p style=\"text-align: justify;\">De acordo com Danilo Matos, diretor da Unidade, este projeto que recebe o nome de \u201cMusicoterapia\u201d j\u00e1 \u00e9 realizado durante os servi\u00e7os prestados pelo Hospital durante o dia a dia. Danilo externou tamb\u00e9m a alegria em ver pacientes que estavam bastante debilitados, evolu\u00edrem em seu estado cl\u00ednico ap\u00f3s a passagem dos m\u00fasicos. <strong>Veja:<\/strong><\/p>\n<p><iframe title=\"Musicoterapia no Hospital Geral Santa Tereza, em Ribeira do Pombal , Junho 2019\" width=\"500\" height=\"281\" src=\"https:\/\/www.youtube.com\/embed\/6GxErZjApiw?feature=oembed\" frameborder=\"0\" allow=\"accelerometer; autoplay; clipboard-write; encrypted-media; gyroscope; picture-in-picture; web-share\" referrerpolicy=\"strict-origin-when-cross-origin\" allowfullscreen><\/iframe><\/p>\n<p style=\"text-align: justify;\"><a href=\"http:\/\/www.facebook.com.br\/pombalalerta\"><strong style=\"font-style: inherit;\">Curta nossa p\u00e1gina no facebook, e continue atualizado sobre tudo o que acontece em sua cidade!<\/strong><\/a><\/p>\n<p style=\"text-align: justify;\"><a href=\"https:\/\/play.google.com\/store\/apps\/details?id=com.globalstore.pombalalerta&amp;hl=pt_BR\"><strong style=\"font-style: inherit;\">Baixe o nosso aplicativo, e fique de olho na not\u00edcia!<\/strong><\/a><\/p>\n<p style=\"text-align: justify;\"><em style=\"font-weight: inherit;\">Reda\u00e7\u00e3o: Portal Alerta<\/em><\/p>\n","protected":false},"excerpt":{"rendered":"<p>Que o per\u00edodo junino \u00e9 um dos mais queridos dos nordestinos, isso todos j\u00e1 sabem. E por conta disso, hospitais de Ribeira do Pombal-BA n\u00e3o deixaram os festejos passarem em branco, proporcionando momentos de alegria para seus respectivos pacientes.<\/p>\n","protected":false},"author":2,"featured_media":17875,"comment_status":"open","ping_status":"open","sticky":false,"template":"","format":"standard","meta":{"om_disable_all_campaigns":false,"_monsterinsights_skip_tracking":false,"_monsterinsights_sitenote_active":false,"_monsterinsights_sitenote_note":"","_monsterinsights_sitenote_category":0,"footnotes":""},"categories":[70,69,32,3,19,68],"tags":[151,728,47,1071,61,29],"class_list":["post-17873","post","type-post","status-publish","format-standard","has-post-thumbnail","hentry","category-destaques","category-noticias2","category-regiao","category-ribeira-do-pombal","category-saude","category-videos","tag-hgst","tag-hospital-do-rim","tag-ribeira-do-pombal","tag-sao-joao","tag-saude","tag-video"],"aioseo_notices":[],"_links":{"self":[{"href":"https:\/\/www.portalalerta.com.br\/index.php\/wp-json\/wp\/v2\/posts\/17873","targetHints":{"allow":["GET"]}}],"collection":[{"href":"https:\/\/www.portalalerta.com.br\/index.php\/wp-json\/wp\/v2\/posts"}],"about":[{"href":"https:\/\/www.portalalerta.com.br\/index.php\/wp-json\/wp\/v2\/types\/post"}],"author":[{"embeddable":true,"href":"https:\/\/www.portalalerta.com.br\/index.php\/wp-json\/wp\/v2\/users\/2"}],"replies":[{"embeddable":true,"href":"https:\/\/www.portalalerta.com.br\/index.php\/wp-json\/wp\/v2\/comments?post=17873"}],"version-history":[{"count":0,"href":"https:\/\/www.portalalerta.com.br\/index.php\/wp-json\/wp\/v2\/posts\/17873\/revisions"}],"wp:featuredmedia":[{"embeddable":true,"href":"https:\/\/www.portalalerta.com.br\/index.php\/wp-json\/wp\/v2\/media\/17875"}],"wp:attachment":[{"href":"https:\/\/www.portalalerta.com.br\/index.php\/wp-json\/wp\/v2\/media?parent=17873"}],"wp:term":[{"taxonomy":"category","embeddable":true,"href":"https:\/\/www.portalalerta.com.br\/index.php\/wp-json\/wp\/v2\/categories?post=17873"},{"taxonomy":"post_tag","embeddable":true,"href":"https:\/\/www.portalalerta.com.br\/index.php\/wp-json\/wp\/v2\/tags?post=17873"}],"curies":[{"name":"wp","href":"https:\/\/api.w.org\/{rel}","templated":true}]}}