{"id":17877,"date":"2019-06-26T13:20:04","date_gmt":"2019-06-26T16:20:04","guid":{"rendered":"http:\/\/www.portalalerta.com.br\/?p=17877"},"modified":"2019-06-26T13:20:04","modified_gmt":"2019-06-26T16:20:04","slug":"guerra-de-espadas-termina-com-feridos-apos-confronto-entre-policiais-e-espadeiros-em-senhor-do-bonfim-ba","status":"publish","type":"post","link":"https:\/\/www.portalalerta.com.br\/index.php\/2019\/06\/26\/guerra-de-espadas-termina-com-feridos-apos-confronto-entre-policiais-e-espadeiros-em-senhor-do-bonfim-ba\/","title":{"rendered":"Guerra de espadas termina com feridos ap\u00f3s confronto entre policiais e &#8216;espadeiros&#8217; em Senhor do Bonfim-BA"},"content":{"rendered":"<p style=\"text-align: justify;\">Atividade \u00e9 proibida desde 2017, mas testemunhas acusam PMs de trucul\u00eancia<!--more--><\/p>\n<p style=\"text-align: justify;\">Norte da Bahia. Por volta das 21h de domingo (23), policiais militares e espadeiros entraram em confronto na Rua Costa Pinto, principal local de encontro para os festejos juninos. Soltar espadas \u00e9 proibido por lei, mas testemunhas acusam os policiais de agirem com trucul\u00eancia.<\/p>\n<p style=\"text-align: justify;\">Segundo o representante da Associa\u00e7\u00e3o Cultural de Espadeiros de Senhor do Bonfim (Acesb), George Nascimento, pelo menos 36 pessoas ficaram feridas no confronto. O conflito come\u00e7ou quando os espadeiros se concentraram no local que \u00e9 conhecido como palco das guerras de espadas.<\/p>\n<p style=\"text-align: justify;\"><img fetchpriority=\"high\" decoding=\"async\" class=\"size-thumbnail wp-image-4869 aligncenter\" src=\"http:\/\/www.portalalerta.com.br\/wp-content\/uploads\/2018\/02\/Auto-Escola-Nobre-720x181.jpg\" alt=\"\" width=\"720\" height=\"181\" srcset=\"https:\/\/www.portalalerta.com.br\/wp-content\/uploads\/2018\/02\/Auto-Escola-Nobre.jpg 720w, https:\/\/www.portalalerta.com.br\/wp-content\/uploads\/2018\/02\/Auto-Escola-Nobre-260x65.jpg 260w, https:\/\/www.portalalerta.com.br\/wp-content\/uploads\/2018\/02\/Auto-Escola-Nobre-50x13.jpg 50w, https:\/\/www.portalalerta.com.br\/wp-content\/uploads\/2018\/02\/Auto-Escola-Nobre-150x38.jpg 150w\" sizes=\"(max-width: 720px) 100vw, 720px\" \/>\u201cO pessoal se reuniu para manifestar e estava soltando morteiros e bombas. Ningu\u00e9m soltou espadas, foi quando os policiais chegaram e come\u00e7aram os confrontos. Fizemos um levantamento nos postos de sa\u00fade e tivemos duas pessoas atendidas com ferimentos leves, 27 com ferimentos de bala de borracha, e sete\u00a0por efeitos do g\u00e1s lacrimog\u00eanio. A quantidade de feridos foi maior que na guerra de espadas\u201d, contou.<\/p>\n<p style=\"text-align: justify;\">O caso mais grave \u00e9 de uma mulher que foi atingida por uma bala de borracha no olho. Segundo George, ela foi transferida para Recife (PE) e corre risco de perder a vis\u00e3o. Nos v\u00eddeos\u00a0\u00a0\u00e9 poss\u00edvel ver bombeiros apagando uma fogueira e grupos gritando \u201cPol\u00edcia \u00e9 para ladr\u00e3o, para espadeiro, n\u00e3o\u201d. Algumas pessoas ficam agitadas at\u00e9 que come\u00e7am os confrontos.<\/p>\n<p style=\"text-align: justify;\">Soltar espadas \u00e9 proibido pelo Estatuto do Desarmamento e, no caso espec\u00edfico de Senhor do Bonfim,\u00a0<a href=\"https:\/\/www.correio24horas.com.br\/noticia\/nid\/guerra-de-espadas-esta-proibida-em-senhor-do-bonfim-pelo-3o-ano-consecutivo\/\">uma liminar do Tribunal de Justi\u00e7a da Bahia (TJ-BA) pro\u00edbe\u00a0a atividade desde 2017<\/a>, a pedido do Minist\u00e9rio P\u00fablico. O Munic\u00edpio tentou derrubar a decis\u00e3o alegando de que se trata de uma tradi\u00e7\u00e3o e que vetar a atividade prejudicaria a economia da cidade, j\u00e1 que visitantes e turistas deixariam de curtir os festejos juninos no local.<\/p>\n<p style=\"text-align: justify;\"><em>Fonte: Gazeta do Mel<\/em><\/p>\n<p style=\"text-align: justify;\"><em>Com informa\u00e7\u00f5es: Correio da Bahia<\/em><\/p>\n","protected":false},"excerpt":{"rendered":"<p>Atividade \u00e9 proibida desde 2017, mas testemunhas acusam PMs de trucul\u00eancia<\/p>\n","protected":false},"author":2,"featured_media":17878,"comment_status":"open","ping_status":"open","sticky":false,"template":"","format":"standard","meta":{"om_disable_all_campaigns":false,"_monsterinsights_skip_tracking":false,"_monsterinsights_sitenote_active":false,"_monsterinsights_sitenote_note":"","_monsterinsights_sitenote_category":0,"footnotes":""},"categories":[33,70,36,69,22],"tags":[54,2896,79,1071,880],"class_list":["post-17877","post","type-post","status-publish","format-standard","has-post-thumbnail","hentry","category-bahia","category-destaques","category-lazer","category-noticias2","category-seguranca","tag-bahia","tag-guerra-de-espadas","tag-policia-militar","tag-sao-joao","tag-senhor-do-bonfim"],"aioseo_notices":[],"_links":{"self":[{"href":"https:\/\/www.portalalerta.com.br\/index.php\/wp-json\/wp\/v2\/posts\/17877","targetHints":{"allow":["GET"]}}],"collection":[{"href":"https:\/\/www.portalalerta.com.br\/index.php\/wp-json\/wp\/v2\/posts"}],"about":[{"href":"https:\/\/www.portalalerta.com.br\/index.php\/wp-json\/wp\/v2\/types\/post"}],"author":[{"embeddable":true,"href":"https:\/\/www.portalalerta.com.br\/index.php\/wp-json\/wp\/v2\/users\/2"}],"replies":[{"embeddable":true,"href":"https:\/\/www.portalalerta.com.br\/index.php\/wp-json\/wp\/v2\/comments?post=17877"}],"version-history":[{"count":0,"href":"https:\/\/www.portalalerta.com.br\/index.php\/wp-json\/wp\/v2\/posts\/17877\/revisions"}],"wp:featuredmedia":[{"embeddable":true,"href":"https:\/\/www.portalalerta.com.br\/index.php\/wp-json\/wp\/v2\/media\/17878"}],"wp:attachment":[{"href":"https:\/\/www.portalalerta.com.br\/index.php\/wp-json\/wp\/v2\/media?parent=17877"}],"wp:term":[{"taxonomy":"category","embeddable":true,"href":"https:\/\/www.portalalerta.com.br\/index.php\/wp-json\/wp\/v2\/categories?post=17877"},{"taxonomy":"post_tag","embeddable":true,"href":"https:\/\/www.portalalerta.com.br\/index.php\/wp-json\/wp\/v2\/tags?post=17877"}],"curies":[{"name":"wp","href":"https:\/\/api.w.org\/{rel}","templated":true}]}}