{"id":17882,"date":"2019-06-26T21:15:24","date_gmt":"2019-06-27T00:15:24","guid":{"rendered":"http:\/\/www.portalalerta.com.br\/?p=17882"},"modified":"2019-06-26T21:15:24","modified_gmt":"2019-06-27T00:15:24","slug":"mais-medicos-para-municipios-da-regiao","status":"publish","type":"post","link":"https:\/\/www.portalalerta.com.br\/index.php\/2019\/06\/26\/mais-medicos-para-municipios-da-regiao\/","title":{"rendered":"Mais M\u00e9dicos para munic\u00edpios da Regi\u00e3o"},"content":{"rendered":"<p style=\"text-align: justify;\">A partir deste m\u00eas de junho, mais de 6 milh\u00f5es de pessoas que vivem nas \u00e1reas mais vulner\u00e1veis do Brasil j\u00e1 poder\u00e3o contar com refor\u00e7o profissional do Programa Mais M\u00e9dicos. O Minist\u00e9rio da Sa\u00fade publicou no dia 19, o resultado final da 1\u00aa fase dos m\u00e9dicos selecionados neste 18\u00ba ciclo do programa.\u00a0De acordo com as regras previstas no edital n\u00ba11\/2019, 1.975 profissionais foram selecionados para atuar na Aten\u00e7\u00e3o Prim\u00e1ria das unidades de sa\u00fade de mais de mil munic\u00edpios, localizados nos 26 estados, al\u00e9m de 10 Distritos Sanit\u00e1rios Especiais Ind\u00edgenas (DSEIs).\u00a0<!--more--><\/p>\n<p style=\"text-align: justify;\"><img fetchpriority=\"high\" decoding=\"async\" class=\"size-thumbnail wp-image-17617 aligncenter\" src=\"http:\/\/www.portalalerta.com.br\/wp-content\/uploads\/2019\/06\/Real-S\u00e3o-Jo\u00e3o-2019-1-631x240.jpg\" alt=\"\" width=\"631\" height=\"240\" srcset=\"https:\/\/www.portalalerta.com.br\/wp-content\/uploads\/2019\/06\/Real-S\u00e3o-Jo\u00e3o-2019-1-631x240.jpg 631w, https:\/\/www.portalalerta.com.br\/wp-content\/uploads\/2019\/06\/Real-S\u00e3o-Jo\u00e3o-2019-1-260x99.jpg 260w, https:\/\/www.portalalerta.com.br\/wp-content\/uploads\/2019\/06\/Real-S\u00e3o-Jo\u00e3o-2019-1-50x19.jpg 50w, https:\/\/www.portalalerta.com.br\/wp-content\/uploads\/2019\/06\/Real-S\u00e3o-Jo\u00e3o-2019-1-150x57.jpg 150w, https:\/\/www.portalalerta.com.br\/wp-content\/uploads\/2019\/06\/Real-S\u00e3o-Jo\u00e3o-2019-1.jpg 720w\" sizes=\"(max-width: 631px) 100vw, 631px\" \/>Esses profissionais devem se apresentar nos munic\u00edpios entre os dias 24 e 28 de junho para o in\u00edcio das atividades de atendimento \u00e0 popula\u00e7\u00e3o.\u00a0Foram destinados para: Banza\u00ea (01 m\u00e9dico), Cip\u00f3 (01 m\u00e9dico), Euclides da Cunha (01 m\u00e9dico), Heli\u00f3polis (01 m\u00e9dico), Jeremoabo (02 m\u00e9dicos), e Paripiranga (01 m\u00e9dico).<\/p>\n<p style=\"text-align: justify;\"><em>Fonte: Joilson Costa<\/em><\/p>\n<p style=\"text-align: justify;\"><em>Com informa\u00e7\u00f5es: Jeremoabo.com<\/em><\/p>\n","protected":false},"excerpt":{"rendered":"<p>A partir deste m\u00eas de junho, mais de 6 milh\u00f5es de pessoas que vivem nas \u00e1reas mais vulner\u00e1veis do Brasil j\u00e1 poder\u00e3o contar com refor\u00e7o profissional do Programa Mais M\u00e9dicos. O Minist\u00e9rio da Sa\u00fade publicou no dia 19, o resultado final da 1\u00aa fase dos m\u00e9dicos selecionados neste 18\u00ba ciclo do programa.\u00a0De acordo com as &hellip;<\/p>\n","protected":false},"author":2,"featured_media":12163,"comment_status":"open","ping_status":"open","sticky":false,"template":"","format":"standard","meta":{"om_disable_all_campaigns":false,"_monsterinsights_skip_tracking":false,"_monsterinsights_sitenote_active":false,"_monsterinsights_sitenote_note":"","_monsterinsights_sitenote_category":0,"footnotes":""},"categories":[39,70,17,6,9,69,11,32,19],"tags":[49,45,129,2719,230,1775,51,61],"class_list":["post-17882","post","type-post","status-publish","format-standard","has-post-thumbnail","hentry","category-banzae","category-destaques","category-euclides-da-cunha","category-heliopolis","category-jeremoabo","category-noticias2","category-paripiranga","category-regiao","category-saude","tag-banzae","tag-cipo","tag-euclides-da-cunha","tag-helioolis","tag-jeremoabo","tag-mais-medicos","tag-paripiranga","tag-saude"],"aioseo_notices":[],"_links":{"self":[{"href":"https:\/\/www.portalalerta.com.br\/index.php\/wp-json\/wp\/v2\/posts\/17882","targetHints":{"allow":["GET"]}}],"collection":[{"href":"https:\/\/www.portalalerta.com.br\/index.php\/wp-json\/wp\/v2\/posts"}],"about":[{"href":"https:\/\/www.portalalerta.com.br\/index.php\/wp-json\/wp\/v2\/types\/post"}],"author":[{"embeddable":true,"href":"https:\/\/www.portalalerta.com.br\/index.php\/wp-json\/wp\/v2\/users\/2"}],"replies":[{"embeddable":true,"href":"https:\/\/www.portalalerta.com.br\/index.php\/wp-json\/wp\/v2\/comments?post=17882"}],"version-history":[{"count":0,"href":"https:\/\/www.portalalerta.com.br\/index.php\/wp-json\/wp\/v2\/posts\/17882\/revisions"}],"wp:featuredmedia":[{"embeddable":true,"href":"https:\/\/www.portalalerta.com.br\/index.php\/wp-json\/wp\/v2\/media\/12163"}],"wp:attachment":[{"href":"https:\/\/www.portalalerta.com.br\/index.php\/wp-json\/wp\/v2\/media?parent=17882"}],"wp:term":[{"taxonomy":"category","embeddable":true,"href":"https:\/\/www.portalalerta.com.br\/index.php\/wp-json\/wp\/v2\/categories?post=17882"},{"taxonomy":"post_tag","embeddable":true,"href":"https:\/\/www.portalalerta.com.br\/index.php\/wp-json\/wp\/v2\/tags?post=17882"}],"curies":[{"name":"wp","href":"https:\/\/api.w.org\/{rel}","templated":true}]}}