{"id":18114,"date":"2019-07-08T21:03:15","date_gmt":"2019-07-09T00:03:15","guid":{"rendered":"http:\/\/www.portalalerta.com.br\/?p=18114"},"modified":"2019-07-08T21:03:15","modified_gmt":"2019-07-09T00:03:15","slug":"em-meio-a-crise-moro-tera-licenca-de-uma-semana-para-tratar-de-assuntos-particulares","status":"publish","type":"post","link":"https:\/\/www.portalalerta.com.br\/index.php\/2019\/07\/08\/em-meio-a-crise-moro-tera-licenca-de-uma-semana-para-tratar-de-assuntos-particulares\/","title":{"rendered":"Em meio \u00e0 crise, Moro ter\u00e1 licen\u00e7a de uma semana para tratar de &#8216;assuntos particulares&#8217;"},"content":{"rendered":"<p style=\"text-align: justify;\">Em meio \u00e0 crise gerada pelo\u00a0vazamento de mensagens com procuradores da Lava Jato, o\u00a0ministro da Justi\u00e7a e Seguran\u00e7a P\u00fablica, Sergio Moro, se afastar\u00e1 do cargo na pr\u00f3xima semana.\u00a0<!--more--><\/p>\n<p style=\"text-align: justify;\">Autorizada em despacho presidencial publicado no Di\u00e1rio Oficial da Uni\u00e3o (DOU) de hoje (8), a\u00a0licen\u00e7a &#8220;para tratar de assuntos particulares&#8221; ser\u00e1 tirada entre\u00a015 a 19 de julho.<\/p>\n<p style=\"text-align: justify;\"><img fetchpriority=\"high\" decoding=\"async\" class=\"size-thumbnail wp-image-4869 aligncenter\" src=\"http:\/\/www.portalalerta.com.br\/wp-content\/uploads\/2018\/02\/Auto-Escola-Nobre-720x181.jpg\" alt=\"\" width=\"720\" height=\"181\" srcset=\"https:\/\/www.portalalerta.com.br\/wp-content\/uploads\/2018\/02\/Auto-Escola-Nobre.jpg 720w, https:\/\/www.portalalerta.com.br\/wp-content\/uploads\/2018\/02\/Auto-Escola-Nobre-260x65.jpg 260w, https:\/\/www.portalalerta.com.br\/wp-content\/uploads\/2018\/02\/Auto-Escola-Nobre-50x13.jpg 50w, https:\/\/www.portalalerta.com.br\/wp-content\/uploads\/2018\/02\/Auto-Escola-Nobre-150x38.jpg 150w\" sizes=\"(max-width: 720px) 100vw, 720px\" \/>O minist\u00e9rio explicou ao Estad\u00e3o, por meio de\u00a0assessoria, que o afastamento de Moro\u00a0se trata de uma licen\u00e7a n\u00e3o remunerada prevista em lei.<\/p>\n<p style=\"text-align: justify;\">&#8220;Por ter come\u00e7ado a trabalhar em janeiro, o ministro n\u00e3o tem ainda direito a gozar f\u00e9rias. Ent\u00e3o est\u00e1 tirando uma licen\u00e7a n\u00e3o remunerada, com base na Lei n\u00ba 8.112, de 11 de dezembro de 1990 (Art. 81. Conceder-se-\u00e1 ao servidor licen\u00e7a, VI &#8211; para tratar de interesses particulares)&#8221;, justificou\u00a0a assessoria do minist\u00e9rio.<\/p>\n<p style=\"text-align: justify;\">As mensagens obtidas pelo\u00a0The Intercept Brasil\u00a0teriam sido trocadas quando Moro atuava como juiz federal em Curitiba. O ministro\u00a0n\u00e3o reconhece a autenticidade das mensagens e tem negado condutas indevidas.<\/p>\n<p style=\"text-align: justify;\"><em>Fonte: Metro1<\/em><\/p>\n","protected":false},"excerpt":{"rendered":"<p>Em meio \u00e0 crise gerada pelo\u00a0vazamento de mensagens com procuradores da Lava Jato, o\u00a0ministro da Justi\u00e7a e Seguran\u00e7a P\u00fablica, Sergio Moro, se afastar\u00e1 do cargo na pr\u00f3xima semana.\u00a0<\/p>\n","protected":false},"author":2,"featured_media":17692,"comment_status":"open","ping_status":"open","sticky":false,"template":"","format":"standard","meta":{"om_disable_all_campaigns":false,"_monsterinsights_skip_tracking":false,"_monsterinsights_sitenote_active":false,"_monsterinsights_sitenote_note":"","_monsterinsights_sitenote_category":0,"footnotes":""},"categories":[34,70,69,21,22],"tags":[93,2918,1774,443],"class_list":["post-18114","post","type-post","status-publish","format-standard","has-post-thumbnail","hentry","category-brasil","category-destaques","category-noticias2","category-politica","category-seguranca","tag-brasil","tag-licenca","tag-ministro-da-justica","tag-sergio-moro"],"aioseo_notices":[],"_links":{"self":[{"href":"https:\/\/www.portalalerta.com.br\/index.php\/wp-json\/wp\/v2\/posts\/18114","targetHints":{"allow":["GET"]}}],"collection":[{"href":"https:\/\/www.portalalerta.com.br\/index.php\/wp-json\/wp\/v2\/posts"}],"about":[{"href":"https:\/\/www.portalalerta.com.br\/index.php\/wp-json\/wp\/v2\/types\/post"}],"author":[{"embeddable":true,"href":"https:\/\/www.portalalerta.com.br\/index.php\/wp-json\/wp\/v2\/users\/2"}],"replies":[{"embeddable":true,"href":"https:\/\/www.portalalerta.com.br\/index.php\/wp-json\/wp\/v2\/comments?post=18114"}],"version-history":[{"count":0,"href":"https:\/\/www.portalalerta.com.br\/index.php\/wp-json\/wp\/v2\/posts\/18114\/revisions"}],"wp:featuredmedia":[{"embeddable":true,"href":"https:\/\/www.portalalerta.com.br\/index.php\/wp-json\/wp\/v2\/media\/17692"}],"wp:attachment":[{"href":"https:\/\/www.portalalerta.com.br\/index.php\/wp-json\/wp\/v2\/media?parent=18114"}],"wp:term":[{"taxonomy":"category","embeddable":true,"href":"https:\/\/www.portalalerta.com.br\/index.php\/wp-json\/wp\/v2\/categories?post=18114"},{"taxonomy":"post_tag","embeddable":true,"href":"https:\/\/www.portalalerta.com.br\/index.php\/wp-json\/wp\/v2\/tags?post=18114"}],"curies":[{"name":"wp","href":"https:\/\/api.w.org\/{rel}","templated":true}]}}