{"id":18124,"date":"2019-07-09T12:36:25","date_gmt":"2019-07-09T15:36:25","guid":{"rendered":"http:\/\/www.portalalerta.com.br\/?p=18124"},"modified":"2019-07-09T14:00:06","modified_gmt":"2019-07-09T17:00:06","slug":"ministros-com-mandato-de-deputado-serao-exonerados-para-votar-previdencia-diz-porta-voz","status":"publish","type":"post","link":"https:\/\/www.portalalerta.com.br\/index.php\/2019\/07\/09\/ministros-com-mandato-de-deputado-serao-exonerados-para-votar-previdencia-diz-porta-voz\/","title":{"rendered":"Ministros com mandato de deputado ser\u00e3o exonerados para votar Previd\u00eancia, diz porta-voz"},"content":{"rendered":"<p style=\"text-align: justify;\">Ao todo, o governo conta com quatro ministros com mandato na C\u00e2mara: dois do DEM, um do PSL e um do MDB. Ot\u00e1vio R\u00eago Barros n\u00e3o informou se todos participar\u00e3o da vota\u00e7\u00e3o.<!--more--><\/p>\n<p style=\"text-align: justify;\">O porta-voz da Presid\u00eancia, Ot\u00e1vio R\u00eago Barros, confirmou nesta segunda-feira (8) que os ministros de Estado que t\u00eam mandato na C\u00e2mara dos Deputados ser\u00e3o exonerados temporariamente para votar a proposta de reforma da Previd\u00eancia em plen\u00e1rio.<\/p>\n<p style=\"text-align: justify;\">Ao todo, o governo conta com quatro ministros com mandato na C\u00e2mara: Onyx Lorenzoni (Casa Civil), Tereza Cristina (Agricultura), Marcelo \u00c1lvaro Ant\u00f4nio (Turismo) e Osmar Terra (Cidadania).<\/p>\n<p style=\"text-align: justify;\">Onyx e Terez Cristina s\u00e3o filiados ao DEM; Ant\u00f4nio \u00e9 filiado ao PSL, partido do presidente Jair Bolsonaro; e Terra \u00e9 do MDB.<\/p>\n<p style=\"text-align: justify;\">&#8220;Os ministros que t\u00eam mandato j\u00e1 est\u00e3o liberados para participar da vota\u00e7\u00e3o. O presidente entende que a presen\u00e7a deles em plen\u00e1rio h\u00e1 de refor\u00e7ar a presen\u00e7a do governo em plen\u00e1rio no sentido de que a voz da Presid\u00eancia \u00e9 essencial para o futuro do nosso pa\u00eds&#8221;, disse o porta-voz durante o briefing di\u00e1rio \u00e0 imprensa no Pal\u00e1cio do Planalto.<\/p>\n<p style=\"text-align: justify;\">R\u00eago Barros n\u00e3o informou, por\u00e9m, se todos os quatro ministros ser\u00e3o exonerados para participar da vota\u00e7\u00e3o na C\u00e2mara. A inten\u00e7\u00e3o do governo \u00e9 publicar a exonera\u00e7\u00e3o dos ministros nesta ter\u00e7a (9). A tend\u00eancia \u00e9 de que os quatro sejam reconduzidos ao cargo na pr\u00f3xima quinta (11).<\/p>\n<p style=\"text-align: justify;\"><img fetchpriority=\"high\" decoding=\"async\" class=\"size-full wp-image-2902 alignleft\" src=\"http:\/\/www.portalalerta.com.br\/wp-content\/uploads\/2017\/11\/elab-2.jpg\" alt=\"\" width=\"310\" height=\"200\" srcset=\"https:\/\/www.portalalerta.com.br\/wp-content\/uploads\/2017\/11\/elab-2.jpg 310w, https:\/\/www.portalalerta.com.br\/wp-content\/uploads\/2017\/11\/elab-2-226x146.jpg 226w, https:\/\/www.portalalerta.com.br\/wp-content\/uploads\/2017\/11\/elab-2-50x32.jpg 50w, https:\/\/www.portalalerta.com.br\/wp-content\/uploads\/2017\/11\/elab-2-116x75.jpg 116w\" sizes=\"(max-width: 310px) 100vw, 310px\" \/>Procuradas, as assessorias de Onyx Lorenzoni, Tereza Cristina e Marcelo \u00c1lvaro Ant\u00f4nio confirmaram que os ministros deixar\u00e3o o cargo temporariamente para participarem da vota\u00e7\u00e3o. At\u00e9 a \u00faltima atualiza\u00e7\u00e3o da reportagem, a assessoria do ministro da Cidadania ainda n\u00e3o havia confirmado se Osmar Terra deixar\u00e1 o cargo.<\/p>\n<p style=\"text-align: justify;\">O suplente de Onyx \u00e9 o deputado Marcelo Brum (PSL-RS); a suplente de Tereza Cristina \u00e9 a deputada Bia Cavassa (PSDB-MS); o suplente de \u00c1lvaro Ant\u00f4nio \u00e9 En\u00e9ias Reis (PSL-MG); e o suplente de Osmar Terra \u00e9 Darc\u00edsio Perondi (MDB-RS).<\/p>\n<p style=\"text-align: justify;\">Durante a vota\u00e7\u00e3o na comiss\u00e3o especial da reforma da Previd\u00eancia, PSL, MDB e PSDB votaram favoravelmente \u00e0 proposta.<\/p>\n<h2 style=\"text-align: justify;\">Aprova\u00e7\u00e3o<\/h2>\n<p style=\"text-align: justify;\">Na conversa com a imprensa, o porta-voz da Presid\u00eancia ressaltou a confian\u00e7a do governo na aprova\u00e7\u00e3o da proposta de reforma da Previd\u00eancia.<\/p>\n<p style=\"text-align: justify;\">Segundo R\u00eago Barros, nas conversas que ministros mantiveram com deputados, o clima \u00e9 de confian\u00e7a na aprova\u00e7\u00e3o da PEC na C\u00e2mara ainda nesta semana.<\/p>\n<p style=\"text-align: justify;\">&#8220;O presidente [da C\u00e2mara] Rodrigo Maia est\u00e1 confiante que os dois turnos de vota\u00e7\u00e3o no plen\u00e1rio sejam conclu\u00eddos ainda nessa semana&#8221;, disse o porta-voz.<\/p>\n<p style=\"text-align: justify;\">Sobre eventuais mudan\u00e7as que o governo desejaria no relat\u00f3rio que ser\u00e1 votado, o porta-voz repetiu o que tem dito nos \u00faltimos dias. Segundo ele, apesar de o presidente ter suas &#8220;percep\u00e7\u00f5es pessoais&#8221; sobre pontos que poderiam ser aperfei\u00e7oados, Bolsonaro entende que a\u00a0responsabilidade \u00e9 do Congresso Nacional.<\/p>\n<p style=\"text-align: justify;\">Questionado especificamente sobre mudan\u00e7as para\u00a0flexibilizar a aposentadoria de integrantes de carreiras policiais, as quais Bolsonaro defendeu publicamente, R\u00eago Barros afirmou que, apesar de o presidente entender as &#8220;peculiaridades&#8221; dessas carreiras, ele defende que cada deputado vote de acordo com a sua consci\u00eancia.<\/p>\n<p style=\"text-align: justify;\">&#8220;O presidente gostaria de ratificar a import\u00e2ncia que ele atribui ao trabalho dos \u00f3rg\u00e3os de seguran\u00e7a p\u00fablica, em especial aos \u00f3rg\u00e3os de seguran\u00e7a federais, ele entende as suas peculiaridades, at\u00e9 porque as vivencia tamb\u00e9m em fam\u00edlia e pelo conhecimento de quase 28 anos de mandato, mas ele tamb\u00e9m entende que o Congresso tem neste momento o cond\u00e3o para decidir o que \u00e9 melhor sob o ponto de vista da casa que legisla para que a nova previd\u00eancia seja o mais r\u00e1pido poss\u00edvel aprovada&#8221;, afirmou.<\/p>\n<p style=\"text-align: justify;\">&#8220;O presidente tem as suas percep\u00e7\u00f5es pessoais, mas no momento entende que, neste momento, [mudar o relat\u00f3rio] \u00e9 de responsabilidade da C\u00e2mara&#8221;, concluiu o porta-voz.<\/p>\n<p style=\"text-align: justify;\"><em>Fonte: G1<\/em><\/p>\n","protected":false},"excerpt":{"rendered":"<p>Ao todo, o governo conta com quatro ministros com mandato na C\u00e2mara: dois do DEM, um do PSL e um do MDB. Ot\u00e1vio R\u00eago Barros n\u00e3o informou se todos participar\u00e3o da vota\u00e7\u00e3o.<\/p>\n","protected":false},"author":2,"featured_media":4451,"comment_status":"open","ping_status":"open","sticky":false,"template":"","format":"standard","meta":{"om_disable_all_campaigns":false,"_monsterinsights_skip_tracking":false,"_monsterinsights_sitenote_active":false,"_monsterinsights_sitenote_note":"","_monsterinsights_sitenote_category":0,"footnotes":""},"categories":[34,70,69,21],"tags":[93,2725,1395,1135,188],"class_list":["post-18124","post","type-post","status-publish","format-standard","has-post-thumbnail","hentry","category-brasil","category-destaques","category-noticias2","category-politica","tag-brasil","tag-deputados-federais","tag-jair-bolsonaro","tag-ministros","tag-reforma-da-previdencia"],"aioseo_notices":[],"_links":{"self":[{"href":"https:\/\/www.portalalerta.com.br\/index.php\/wp-json\/wp\/v2\/posts\/18124","targetHints":{"allow":["GET"]}}],"collection":[{"href":"https:\/\/www.portalalerta.com.br\/index.php\/wp-json\/wp\/v2\/posts"}],"about":[{"href":"https:\/\/www.portalalerta.com.br\/index.php\/wp-json\/wp\/v2\/types\/post"}],"author":[{"embeddable":true,"href":"https:\/\/www.portalalerta.com.br\/index.php\/wp-json\/wp\/v2\/users\/2"}],"replies":[{"embeddable":true,"href":"https:\/\/www.portalalerta.com.br\/index.php\/wp-json\/wp\/v2\/comments?post=18124"}],"version-history":[{"count":0,"href":"https:\/\/www.portalalerta.com.br\/index.php\/wp-json\/wp\/v2\/posts\/18124\/revisions"}],"wp:featuredmedia":[{"embeddable":true,"href":"https:\/\/www.portalalerta.com.br\/index.php\/wp-json\/wp\/v2\/media\/4451"}],"wp:attachment":[{"href":"https:\/\/www.portalalerta.com.br\/index.php\/wp-json\/wp\/v2\/media?parent=18124"}],"wp:term":[{"taxonomy":"category","embeddable":true,"href":"https:\/\/www.portalalerta.com.br\/index.php\/wp-json\/wp\/v2\/categories?post=18124"},{"taxonomy":"post_tag","embeddable":true,"href":"https:\/\/www.portalalerta.com.br\/index.php\/wp-json\/wp\/v2\/tags?post=18124"}],"curies":[{"name":"wp","href":"https:\/\/api.w.org\/{rel}","templated":true}]}}