{"id":18134,"date":"2019-07-09T20:14:18","date_gmt":"2019-07-09T23:14:18","guid":{"rendered":"http:\/\/www.portalalerta.com.br\/?p=18134"},"modified":"2019-07-09T21:00:29","modified_gmt":"2019-07-10T00:00:29","slug":"cinco-submetralhadoras-sao-apreendidas-em-feira-de-santana-ba-num-intervalo-de-36-dias","status":"publish","type":"post","link":"https:\/\/www.portalalerta.com.br\/index.php\/2019\/07\/09\/cinco-submetralhadoras-sao-apreendidas-em-feira-de-santana-ba-num-intervalo-de-36-dias\/","title":{"rendered":"Cinco submetralhadoras s\u00e3o apreendidas em Feira de Santana-BA, num intervalo de 36 dias"},"content":{"rendered":"<p style=\"text-align: justify;\">O trabalho preventivo e repressivo da Pol\u00edcia Militar que garantiu uma\u00a0sequ\u00eancia de sete meses seguidos de redu\u00e7\u00f5es dos homic\u00eddios em Feira de\u00a0Santana, alcan\u00e7ou, na tarde de quinta-feira (4), a marca de cinco\u00a0submetralhadoras apreendidas em pouco mais de um m\u00eas. Neste \u00faltimo\u00a0flagrante uma f\u00e1brica clandestina foi desmontada.<!--more--><\/p>\n<p style=\"text-align: justify;\">Guarni\u00e7\u00f5es do Pelot\u00e3o de Emprego T\u00e1tico Operacional (Peto) da 67\u00aa Companhia\u00a0Independente da Pol\u00edcia Militar\u00a0 CIPM\/Feira de Santana) faziam rondas no\u00a0bairro Liberdade quando perceberam o nervosismo de um homem. Ele foi abordado e dentro da mochila que manuseava na entrada de uma casa foram\u00a0encontrados duas submetralhadoras calibre 9mm, carregadores, muni\u00e7\u00f5es,\u00a0furadeira e v\u00e1rias ferramentas, al\u00e9m de pe\u00e7as para montagem de armas.<\/p>\n<p style=\"text-align: justify;\"><img fetchpriority=\"high\" decoding=\"async\" class=\"size-thumbnail wp-image-17617 aligncenter\" src=\"http:\/\/www.portalalerta.com.br\/wp-content\/uploads\/2019\/06\/Real-S\u00e3o-Jo\u00e3o-2019-1-631x240.jpg\" alt=\"\" width=\"631\" height=\"240\" srcset=\"https:\/\/www.portalalerta.com.br\/wp-content\/uploads\/2019\/06\/Real-S\u00e3o-Jo\u00e3o-2019-1-631x240.jpg 631w, https:\/\/www.portalalerta.com.br\/wp-content\/uploads\/2019\/06\/Real-S\u00e3o-Jo\u00e3o-2019-1-260x99.jpg 260w, https:\/\/www.portalalerta.com.br\/wp-content\/uploads\/2019\/06\/Real-S\u00e3o-Jo\u00e3o-2019-1-50x19.jpg 50w, https:\/\/www.portalalerta.com.br\/wp-content\/uploads\/2019\/06\/Real-S\u00e3o-Jo\u00e3o-2019-1-150x57.jpg 150w, https:\/\/www.portalalerta.com.br\/wp-content\/uploads\/2019\/06\/Real-S\u00e3o-Jo\u00e3o-2019-1.jpg 720w\" sizes=\"(max-width: 631px) 100vw, 631px\" \/>O criminoso e os materiais foram apresentados na Central de Flagrantes de\u00a0Sobradinho. &#8220;Estamos intensificando o trabalho em busca de outras f\u00e1bricas\u00a0clandestinas. A popula\u00e7\u00e3o pode ajudar denunciando&#8221;, disse o comandante do\u00a0Policiamento na Regi\u00e3o Leste, Coronel Luziel Andrade.<\/p>\n<p style=\"text-align: justify;\">As outras apreens\u00f5es de submetralhadoras artesanais calibre 9mm\u00a0aconteceram nos dias 30 de maio (bairro vi\u00e1rio),\u00a0 8 de junho (bairro\u00a0Suba\u00e9) e 2 de julho (bairro Queimadinha.<\/p>\n<p style=\"text-align: justify;\"><em>Fonte: SECOM\/ SSPBA<\/em><\/p>\n","protected":false},"excerpt":{"rendered":"<p>O trabalho preventivo e repressivo da Pol\u00edcia Militar que garantiu uma\u00a0sequ\u00eancia de sete meses seguidos de redu\u00e7\u00f5es dos homic\u00eddios em Feira de\u00a0Santana, alcan\u00e7ou, na tarde de quinta-feira (4), a marca de cinco\u00a0submetralhadoras apreendidas em pouco mais de um m\u00eas. Neste \u00faltimo\u00a0flagrante uma f\u00e1brica clandestina foi desmontada.<\/p>\n","protected":false},"author":2,"featured_media":18135,"comment_status":"open","ping_status":"open","sticky":false,"template":"","format":"standard","meta":{"om_disable_all_campaigns":false,"_monsterinsights_skip_tracking":false,"_monsterinsights_sitenote_active":false,"_monsterinsights_sitenote_note":"","_monsterinsights_sitenote_category":0,"footnotes":""},"categories":[33,70,69,22],"tags":[377,245,79,83,77],"class_list":["post-18134","post","type-post","status-publish","format-standard","has-post-thumbnail","hentry","category-bahia","category-destaques","category-noticias2","category-seguranca","tag-feira-de-santana","tag-peto","tag-policia-militar","tag-porte-ilegal-de-arma-de-fogo","tag-preso"],"aioseo_notices":[],"_links":{"self":[{"href":"https:\/\/www.portalalerta.com.br\/index.php\/wp-json\/wp\/v2\/posts\/18134","targetHints":{"allow":["GET"]}}],"collection":[{"href":"https:\/\/www.portalalerta.com.br\/index.php\/wp-json\/wp\/v2\/posts"}],"about":[{"href":"https:\/\/www.portalalerta.com.br\/index.php\/wp-json\/wp\/v2\/types\/post"}],"author":[{"embeddable":true,"href":"https:\/\/www.portalalerta.com.br\/index.php\/wp-json\/wp\/v2\/users\/2"}],"replies":[{"embeddable":true,"href":"https:\/\/www.portalalerta.com.br\/index.php\/wp-json\/wp\/v2\/comments?post=18134"}],"version-history":[{"count":0,"href":"https:\/\/www.portalalerta.com.br\/index.php\/wp-json\/wp\/v2\/posts\/18134\/revisions"}],"wp:featuredmedia":[{"embeddable":true,"href":"https:\/\/www.portalalerta.com.br\/index.php\/wp-json\/wp\/v2\/media\/18135"}],"wp:attachment":[{"href":"https:\/\/www.portalalerta.com.br\/index.php\/wp-json\/wp\/v2\/media?parent=18134"}],"wp:term":[{"taxonomy":"category","embeddable":true,"href":"https:\/\/www.portalalerta.com.br\/index.php\/wp-json\/wp\/v2\/categories?post=18134"},{"taxonomy":"post_tag","embeddable":true,"href":"https:\/\/www.portalalerta.com.br\/index.php\/wp-json\/wp\/v2\/tags?post=18134"}],"curies":[{"name":"wp","href":"https:\/\/api.w.org\/{rel}","templated":true}]}}