{"id":18137,"date":"2019-07-09T22:03:40","date_gmt":"2019-07-10T01:03:40","guid":{"rendered":"http:\/\/www.portalalerta.com.br\/?p=18137"},"modified":"2019-07-09T22:03:40","modified_gmt":"2019-07-10T01:03:40","slug":"marinha-prende-militar-que-desapareceu-de-base-naval-com-fuzil-em-salvador-ba","status":"publish","type":"post","link":"https:\/\/www.portalalerta.com.br\/index.php\/2019\/07\/09\/marinha-prende-militar-que-desapareceu-de-base-naval-com-fuzil-em-salvador-ba\/","title":{"rendered":"Marinha prende militar que desapareceu de base naval com fuzil, em Salvador-BA"},"content":{"rendered":"<p style=\"text-align: justify;\">Um fuzileiro da Marinha de Guerra do Brasil, identificado como Gabriel Wilhen Borchers, foi encontrado nesta segunda-feira (8) no bairro de Fazenda Coutos, no Sub\u00farbio, em Salvador-BA. De acordo com um comunicado do Comando do 2\u00ba Distrito Naval, ele foi detido por militares da 19\u00aa Companhia Independente da Pol\u00edcia Militar.<!--more--><\/p>\n<p style=\"text-align: justify;\"><img fetchpriority=\"high\" decoding=\"async\" class=\"size-full wp-image-2902 alignleft\" src=\"http:\/\/www.portalalerta.com.br\/wp-content\/uploads\/2017\/11\/elab-2.jpg\" alt=\"\" width=\"310\" height=\"200\" srcset=\"https:\/\/www.portalalerta.com.br\/wp-content\/uploads\/2017\/11\/elab-2.jpg 310w, https:\/\/www.portalalerta.com.br\/wp-content\/uploads\/2017\/11\/elab-2-226x146.jpg 226w, https:\/\/www.portalalerta.com.br\/wp-content\/uploads\/2017\/11\/elab-2-50x32.jpg 50w, https:\/\/www.portalalerta.com.br\/wp-content\/uploads\/2017\/11\/elab-2-116x75.jpg 116w\" sizes=\"(max-width: 310px) 100vw, 310px\" \/>Informa\u00e7\u00f5es preliminares deram conta de que Gabriel teria deixado o posto em uma das guaritas da Base Naval de Aratu, em Paripe, portando um fuzil, muni\u00e7\u00f5es e um r\u00e1dio transmissor. O oficial da Marinha foi encaminhado para o quartel. O fuzil e a muni\u00e7\u00e3o foram localizados. O militar responder\u00e1 a um inqu\u00e9rito policial militar.<\/p>\n<p style=\"text-align: justify;\"><em>Fonte: Metro1<\/em><\/p>\n","protected":false},"excerpt":{"rendered":"<p>Um fuzileiro da Marinha de Guerra do Brasil, identificado como Gabriel Wilhen Borchers, foi encontrado nesta segunda-feira (8) no bairro de Fazenda Coutos, no Sub\u00farbio, em Salvador-BA. De acordo com um comunicado do Comando do 2\u00ba Distrito Naval, ele foi detido por militares da 19\u00aa Companhia Independente da Pol\u00edcia Militar.<\/p>\n","protected":false},"author":2,"featured_media":18138,"comment_status":"open","ping_status":"open","sticky":false,"template":"","format":"standard","meta":{"om_disable_all_campaigns":false,"_monsterinsights_skip_tracking":false,"_monsterinsights_sitenote_active":false,"_monsterinsights_sitenote_note":"","_monsterinsights_sitenote_category":0,"footnotes":""},"categories":[33,70,69,22],"tags":[54,2313,165,77],"class_list":["post-18137","post","type-post","status-publish","format-standard","has-post-thumbnail","hentry","category-bahia","category-destaques","category-noticias2","category-seguranca","tag-bahia","tag-marinha","tag-militar","tag-preso"],"aioseo_notices":[],"_links":{"self":[{"href":"https:\/\/www.portalalerta.com.br\/index.php\/wp-json\/wp\/v2\/posts\/18137","targetHints":{"allow":["GET"]}}],"collection":[{"href":"https:\/\/www.portalalerta.com.br\/index.php\/wp-json\/wp\/v2\/posts"}],"about":[{"href":"https:\/\/www.portalalerta.com.br\/index.php\/wp-json\/wp\/v2\/types\/post"}],"author":[{"embeddable":true,"href":"https:\/\/www.portalalerta.com.br\/index.php\/wp-json\/wp\/v2\/users\/2"}],"replies":[{"embeddable":true,"href":"https:\/\/www.portalalerta.com.br\/index.php\/wp-json\/wp\/v2\/comments?post=18137"}],"version-history":[{"count":0,"href":"https:\/\/www.portalalerta.com.br\/index.php\/wp-json\/wp\/v2\/posts\/18137\/revisions"}],"wp:featuredmedia":[{"embeddable":true,"href":"https:\/\/www.portalalerta.com.br\/index.php\/wp-json\/wp\/v2\/media\/18138"}],"wp:attachment":[{"href":"https:\/\/www.portalalerta.com.br\/index.php\/wp-json\/wp\/v2\/media?parent=18137"}],"wp:term":[{"taxonomy":"category","embeddable":true,"href":"https:\/\/www.portalalerta.com.br\/index.php\/wp-json\/wp\/v2\/categories?post=18137"},{"taxonomy":"post_tag","embeddable":true,"href":"https:\/\/www.portalalerta.com.br\/index.php\/wp-json\/wp\/v2\/tags?post=18137"}],"curies":[{"name":"wp","href":"https:\/\/api.w.org\/{rel}","templated":true}]}}