{"id":18140,"date":"2019-07-09T23:33:14","date_gmt":"2019-07-10T02:33:14","guid":{"rendered":"http:\/\/www.portalalerta.com.br\/?p=18140"},"modified":"2019-07-09T23:33:14","modified_gmt":"2019-07-10T02:33:14","slug":"vaza-jato-em-audio-dallagnol-comemorou-decisao-que-censurou-entrevista-de-lula-ouca","status":"publish","type":"post","link":"https:\/\/www.portalalerta.com.br\/index.php\/2019\/07\/09\/vaza-jato-em-audio-dallagnol-comemorou-decisao-que-censurou-entrevista-de-lula-ouca\/","title":{"rendered":"Vaza Jato: em \u00e1udio, Dallagnol comemorou decis\u00e3o que censurou entrevista de Lula; ou\u00e7a"},"content":{"rendered":"<p style=\"text-align: justify;\">Pela primeira vez, o The Intercept Brasil divulgou um \u00e1udio da conversa entre os membros da for\u00e7a-tarefa Lava Jato. O contexto do material, de acordo com a reportagem, \u00e9 a manh\u00e3 do dia 28 de setembro de 2018, quando a imprensa noticiou que o ministro do Supremo Tribunal Federal (STF), Ricardo Lewandowski, autorizou o ex-presidente Luiz In\u00e1cio Lula da Silva a conceder uma entrevista ao jornal Folha de S\u00e3o Paulo.<!--more--><\/p>\n<p style=\"text-align: justify;\">Em um grupo no Telegram, os procuradores imediatamente se movimentaram, debatendo estrat\u00e9gias para evitar que Lula pudesse falar. Para a procuradora Laura Tessler, o direito do ex-presidente era uma \u201cpiada\u201d e \u201crevoltante\u201d, o que ela classificou nos chats como \u201cum verdadeiro circo\u201d. Uma outra procuradora, Isabel Groba, respondeu: \u201cMafiosos!!!!!!!!!!!!!!!!!!!!!\u201d<\/p>\n<p style=\"text-align: justify;\"><img fetchpriority=\"high\" decoding=\"async\" class=\"size-thumbnail wp-image-4869 aligncenter\" src=\"http:\/\/www.portalalerta.com.br\/wp-content\/uploads\/2018\/02\/Auto-Escola-Nobre-720x181.jpg\" alt=\"\" width=\"720\" height=\"181\" srcset=\"https:\/\/www.portalalerta.com.br\/wp-content\/uploads\/2018\/02\/Auto-Escola-Nobre.jpg 720w, https:\/\/www.portalalerta.com.br\/wp-content\/uploads\/2018\/02\/Auto-Escola-Nobre-260x65.jpg 260w, https:\/\/www.portalalerta.com.br\/wp-content\/uploads\/2018\/02\/Auto-Escola-Nobre-50x13.jpg 50w, https:\/\/www.portalalerta.com.br\/wp-content\/uploads\/2018\/02\/Auto-Escola-Nobre-150x38.jpg 150w\" sizes=\"(max-width: 720px) 100vw, 720px\" \/>No grupo, o procurador Deltan Dallagnol, coordenador da for\u00e7a-tarefa da opera\u00e7\u00e3o, enviou v\u00e1rias seguintes mensagens, seguidas de um \u00e1udio.<\/p>\n<p style=\"text-align: justify;\"><iframe title=\"#VazaJato: em \u00e1udio in\u00e9dito, Deltan comemora proibi\u00e7\u00e3o de entrevista de Lula\" width=\"500\" height=\"281\" src=\"https:\/\/www.youtube.com\/embed\/XgFYaZ5W4wM?start=55&#038;feature=oembed\" frameborder=\"0\" allow=\"accelerometer; autoplay; clipboard-write; encrypted-media; gyroscope; picture-in-picture; web-share\" referrerpolicy=\"strict-origin-when-cross-origin\" allowfullscreen><\/iframe><\/p>\n<p style=\"text-align: justify;\">Para a reportagem, &#8220;a\u00a0comemora\u00e7\u00e3o de Dallagnol exp\u00f5e mais uma vez sua hipocrisia e sua motiva\u00e7\u00e3o pol\u00edtica: antes de serem alvos de vazamentos, os procuradores da for\u00e7a-tarefa enfatizavam \u2013 em chats privados com seus colegas \u2013 a import\u00e2ncia de uma imprensa livre, o direito de jornalistas de publicar materiais obtidos por vias ilegais e que a publica\u00e7\u00e3o desses materiais fortalece a democracia&#8221;.<\/p>\n<p style=\"text-align: justify;\"><em>Fonte: Metro1<\/em><\/p>\n","protected":false},"excerpt":{"rendered":"<p>Pela primeira vez, o The Intercept Brasil divulgou um \u00e1udio da conversa entre os membros da for\u00e7a-tarefa Lava Jato. O contexto do material, de acordo com a reportagem, \u00e9 a manh\u00e3 do dia 28 de setembro de 2018, quando a imprensa noticiou que o ministro do Supremo Tribunal Federal (STF), Ricardo Lewandowski, autorizou o ex-presidente &hellip;<\/p>\n","protected":false},"author":2,"featured_media":18141,"comment_status":"open","ping_status":"open","sticky":false,"template":"","format":"standard","meta":{"om_disable_all_campaigns":false,"_monsterinsights_skip_tracking":false,"_monsterinsights_sitenote_active":false,"_monsterinsights_sitenote_note":"","_monsterinsights_sitenote_category":0,"footnotes":""},"categories":[34,70,69,21,68],"tags":[2267,93,1599,1634,303,2900,2878,2837],"class_list":["post-18140","post","type-post","status-publish","format-standard","has-post-thumbnail","hentry","category-brasil","category-destaques","category-noticias2","category-politica","category-videos","tag-audios","tag-brasil","tag-deltan-dallagnol","tag-entrevista","tag-lula","tag-the-intercept-brasil","tag-vaza-jato","tag-vazamento"],"aioseo_notices":[],"_links":{"self":[{"href":"https:\/\/www.portalalerta.com.br\/index.php\/wp-json\/wp\/v2\/posts\/18140","targetHints":{"allow":["GET"]}}],"collection":[{"href":"https:\/\/www.portalalerta.com.br\/index.php\/wp-json\/wp\/v2\/posts"}],"about":[{"href":"https:\/\/www.portalalerta.com.br\/index.php\/wp-json\/wp\/v2\/types\/post"}],"author":[{"embeddable":true,"href":"https:\/\/www.portalalerta.com.br\/index.php\/wp-json\/wp\/v2\/users\/2"}],"replies":[{"embeddable":true,"href":"https:\/\/www.portalalerta.com.br\/index.php\/wp-json\/wp\/v2\/comments?post=18140"}],"version-history":[{"count":0,"href":"https:\/\/www.portalalerta.com.br\/index.php\/wp-json\/wp\/v2\/posts\/18140\/revisions"}],"wp:featuredmedia":[{"embeddable":true,"href":"https:\/\/www.portalalerta.com.br\/index.php\/wp-json\/wp\/v2\/media\/18141"}],"wp:attachment":[{"href":"https:\/\/www.portalalerta.com.br\/index.php\/wp-json\/wp\/v2\/media?parent=18140"}],"wp:term":[{"taxonomy":"category","embeddable":true,"href":"https:\/\/www.portalalerta.com.br\/index.php\/wp-json\/wp\/v2\/categories?post=18140"},{"taxonomy":"post_tag","embeddable":true,"href":"https:\/\/www.portalalerta.com.br\/index.php\/wp-json\/wp\/v2\/tags?post=18140"}],"curies":[{"name":"wp","href":"https:\/\/api.w.org\/{rel}","templated":true}]}}