{"id":18144,"date":"2019-07-10T11:28:35","date_gmt":"2019-07-10T14:28:35","guid":{"rendered":"http:\/\/www.portalalerta.com.br\/?p=18144"},"modified":"2019-07-10T11:28:35","modified_gmt":"2019-07-10T14:28:35","slug":"agenda-positiva-prefeito-de-ribeira-do-pombal-ba-inaugura-ubs-joao-nolasco","status":"publish","type":"post","link":"https:\/\/www.portalalerta.com.br\/index.php\/2019\/07\/10\/agenda-positiva-prefeito-de-ribeira-do-pombal-ba-inaugura-ubs-joao-nolasco\/","title":{"rendered":"Agenda Positiva: Prefeito de Ribeira do Pombal-BA inaugura UBS Jo\u00e3o Nolasco"},"content":{"rendered":"<p style=\"text-align: justify;\">Moradores, funcion\u00e1rios e lideran\u00e7as pol\u00edticas de Ribeira do Pombal-BA participaram nesta ter\u00e7a-feira, 09, da Agenda Positiva que inaugurou mais uma Unidade de Sa\u00fade da Fam\u00edlia, a 15\u00aa, que aproxima o munic\u00edpio da meta de universalizar a cobertura da aten\u00e7\u00e3o b\u00e1sica na cidade.<!--more--><\/p>\n<p style=\"text-align: justify;\"><img fetchpriority=\"high\" decoding=\"async\" class=\"size-full wp-image-2902 alignleft\" src=\"http:\/\/www.portalalerta.com.br\/wp-content\/uploads\/2017\/11\/elab-2.jpg\" alt=\"\" width=\"310\" height=\"200\" srcset=\"https:\/\/www.portalalerta.com.br\/wp-content\/uploads\/2017\/11\/elab-2.jpg 310w, https:\/\/www.portalalerta.com.br\/wp-content\/uploads\/2017\/11\/elab-2-226x146.jpg 226w, https:\/\/www.portalalerta.com.br\/wp-content\/uploads\/2017\/11\/elab-2-50x32.jpg 50w, https:\/\/www.portalalerta.com.br\/wp-content\/uploads\/2017\/11\/elab-2-116x75.jpg 116w\" sizes=\"(max-width: 310px) 100vw, 310px\" \/>O PSF recebeu o nome de Jo\u00e3o Nolasco Gama Filho, que foi agente comunit\u00e1rio de sa\u00fade na regi\u00e3o durante mais de vinte anos. Na oportunidade o prefeito entregou ainda equipamentos para as unidades de sa\u00fade do munic\u00edpio, com valor de meio milh\u00e3o de reais, 700 metros de pavimenta\u00e7\u00e3o realizada no entorno do novo PSF, anunciou mais recursos para as \u00e1reas de pavimenta\u00e7\u00e3o e sa\u00fade e garantiu que at\u00e9 o final do seu governo a comunidade receber\u00e1 uma sede pr\u00f3pria para a UBS Jo\u00e3o Nolasco.<\/p>\n<p>&nbsp;<\/p>\n<figure id=\"attachment_18145\" aria-describedby=\"caption-attachment-18145\" style=\"width: 720px\" class=\"wp-caption aligncenter\"><img decoding=\"async\" class=\"wp-image-18145 size-full\" src=\"http:\/\/www.portalalerta.com.br\/wp-content\/uploads\/2019\/07\/UBS-Jo\u00e3o-Nolasco-da-Gama-Filho.1.jpeg\" alt=\"\" width=\"720\" height=\"480\" srcset=\"https:\/\/www.portalalerta.com.br\/wp-content\/uploads\/2019\/07\/UBS-Jo\u00e3o-Nolasco-da-Gama-Filho.1.jpeg 720w, https:\/\/www.portalalerta.com.br\/wp-content\/uploads\/2019\/07\/UBS-Jo\u00e3o-Nolasco-da-Gama-Filho.1-360x240.jpeg 360w, https:\/\/www.portalalerta.com.br\/wp-content\/uploads\/2019\/07\/UBS-Jo\u00e3o-Nolasco-da-Gama-Filho.1-219x146.jpeg 219w, https:\/\/www.portalalerta.com.br\/wp-content\/uploads\/2019\/07\/UBS-Jo\u00e3o-Nolasco-da-Gama-Filho.1-50x33.jpeg 50w, https:\/\/www.portalalerta.com.br\/wp-content\/uploads\/2019\/07\/UBS-Jo\u00e3o-Nolasco-da-Gama-Filho.1-113x75.jpeg 113w\" sizes=\"(max-width: 720px) 100vw, 720px\" \/><figcaption id=\"caption-attachment-18145\" class=\"wp-caption-text\">Autoridades pol\u00edticas, amigos e parentes de Jo\u00e3o Nolasco. Cr\u00e9dito: SECOM\/ Ribeira do Pombal<\/figcaption><\/figure>\n<p style=\"text-align: justify;\"><em>Fonte: SECOM\/ Ribeira do Pombal<\/em><\/p>\n","protected":false},"excerpt":{"rendered":"<p>Moradores, funcion\u00e1rios e lideran\u00e7as pol\u00edticas de Ribeira do Pombal-BA participaram nesta ter\u00e7a-feira, 09, da Agenda Positiva que inaugurou mais uma Unidade de Sa\u00fade da Fam\u00edlia, a 15\u00aa, que aproxima o munic\u00edpio da meta de universalizar a cobertura da aten\u00e7\u00e3o b\u00e1sica na cidade.<\/p>\n","protected":false},"author":2,"featured_media":18146,"comment_status":"open","ping_status":"open","sticky":false,"template":"","format":"standard","meta":{"om_disable_all_campaigns":false,"_monsterinsights_skip_tracking":false,"_monsterinsights_sitenote_active":false,"_monsterinsights_sitenote_note":"","_monsterinsights_sitenote_category":0,"footnotes":""},"categories":[70,69,21,32,3,19],"tags":[1501,1536,198,47,146,2919],"class_list":["post-18144","post","type-post","status-publish","format-standard","has-post-thumbnail","hentry","category-destaques","category-noticias2","category-politica","category-regiao","category-ribeira-do-pombal","category-saude","tag-agenda-positiva","tag-inauguracao","tag-prefeito","tag-ribeira-do-pombal","tag-ricardo-maia","tag-ubs"],"aioseo_notices":[],"_links":{"self":[{"href":"https:\/\/www.portalalerta.com.br\/index.php\/wp-json\/wp\/v2\/posts\/18144","targetHints":{"allow":["GET"]}}],"collection":[{"href":"https:\/\/www.portalalerta.com.br\/index.php\/wp-json\/wp\/v2\/posts"}],"about":[{"href":"https:\/\/www.portalalerta.com.br\/index.php\/wp-json\/wp\/v2\/types\/post"}],"author":[{"embeddable":true,"href":"https:\/\/www.portalalerta.com.br\/index.php\/wp-json\/wp\/v2\/users\/2"}],"replies":[{"embeddable":true,"href":"https:\/\/www.portalalerta.com.br\/index.php\/wp-json\/wp\/v2\/comments?post=18144"}],"version-history":[{"count":0,"href":"https:\/\/www.portalalerta.com.br\/index.php\/wp-json\/wp\/v2\/posts\/18144\/revisions"}],"wp:featuredmedia":[{"embeddable":true,"href":"https:\/\/www.portalalerta.com.br\/index.php\/wp-json\/wp\/v2\/media\/18146"}],"wp:attachment":[{"href":"https:\/\/www.portalalerta.com.br\/index.php\/wp-json\/wp\/v2\/media?parent=18144"}],"wp:term":[{"taxonomy":"category","embeddable":true,"href":"https:\/\/www.portalalerta.com.br\/index.php\/wp-json\/wp\/v2\/categories?post=18144"},{"taxonomy":"post_tag","embeddable":true,"href":"https:\/\/www.portalalerta.com.br\/index.php\/wp-json\/wp\/v2\/tags?post=18144"}],"curies":[{"name":"wp","href":"https:\/\/api.w.org\/{rel}","templated":true}]}}