{"id":18148,"date":"2019-07-10T13:19:35","date_gmt":"2019-07-10T16:19:35","guid":{"rendered":"http:\/\/www.portalalerta.com.br\/?p=18148"},"modified":"2019-07-10T13:19:35","modified_gmt":"2019-07-10T16:19:35","slug":"aos-77-anos-morre-o-jornalista-paulo-henrique-amorim","status":"publish","type":"post","link":"https:\/\/www.portalalerta.com.br\/index.php\/2019\/07\/10\/aos-77-anos-morre-o-jornalista-paulo-henrique-amorim\/","title":{"rendered":"Aos 77 anos, morre o jornalista Paulo Henrique Amorim"},"content":{"rendered":"<p style=\"text-align: justify;\">Aos 77 anos, morreu o jornalista Paulo Henrique Amorim, na madrugada desta quarta-feira (10).\u00a0A morte do jornalista ap\u00f3s sofrer um infarto fulminante em casa foi confirmada pela esposa dele, no Rio de Janeiro.<!--more--><\/p>\n<p style=\"text-align: justify;\">Amorim deixa uma filha e a mulher, Ge\u00f3rgia Pinheiro.<\/p>\n<p style=\"text-align: justify;\">Na \u00faltima noite de ter\u00e7a (9), Amorim havia sa\u00eddo para jantar com amigos.<\/p>\n<p style=\"text-align: justify;\">O \u00faltimo emprego de Paulo Henrique Amorim foi na TV Record, do qual foi afastado no m\u00eas passado. Por l\u00e1, apresentava o Domingo Espetacular.<\/p>\n<p style=\"text-align: justify;\">Amorim esteve na Record entre 2003 e este ano e, desde 2006, era o apresentador do Domigo Espetacular. Antes, teve passagens pela Globo e pela extinta TV Manchete, al\u00e9m de Bandeirantes e TV Cultura.<\/p>\n<p style=\"text-align: justify;\">Fora da televis\u00e3o, Amorim come\u00e7ou no jornalismo em 1961, no jornal \u2018A Noite\u2019. Foi correspondente em Nova York da revista \u2018Realidade\u2019 e depois da \u2018Veja.<\/p>\n<p style=\"text-align: justify;\"><strong><img fetchpriority=\"high\" decoding=\"async\" class=\"size-full wp-image-2867 aligncenter\" src=\"http:\/\/www.portalalerta.com.br\/wp-content\/uploads\/2017\/11\/protege-1.jpg\" alt=\"\" width=\"600\" height=\"140\" \/>Diverg\u00eancias pol\u00edticas marcaram fim da carreira<\/strong><\/p>\n<p style=\"text-align: justify;\">Desde junho, Paulo Henrique Amorim n\u00e3o fazia mais parte do \u2018Domingo Espetacular\u2019, da Record. O motivo, de acordo com a assessoria de imprensa do canal, \u00e9 uma reformula\u00e7\u00e3o no jornalismo da casa.<\/p>\n<p style=\"text-align: justify;\">Segundo eles, Paulo Henrique continua como um dos contratados e \u00e0 disposi\u00e7\u00e3o para futuros projetos.\u00a0Por\u00e9m, segundo o site \u2018Not\u00edcias da TV\u2019, Amorim teria sido desligado por pol\u00edtica.<\/p>\n<p style=\"text-align: justify;\">Por seu forte posicionamento de esquerda, ele, de acordo com o site, teria tido a cabe\u00e7a pedida desde 2014 por diversas vezes por membros do poder contr\u00e1rios \u00e0s suas ideias. Ainda segundo o portal, nos \u00faltimos meses, a emissora n\u00e3o teria mais conseguido resistir \u00e0s press\u00f5es, j\u00e1 que Amorim \u00e9 contrario ao governo do atual presidente.<\/p>\n<p style=\"text-align: justify;\">Questionada se o afastamento seria por cunho pol\u00edtico, a assessoria de imprensa da Record voltou a dizer que a \u00fanica informa\u00e7\u00e3o que poderia assegurar era a de que est\u00e1 acontecendo uma reformula\u00e7\u00e3o, implementada pelo vice-presidente de jornalismo, Antonio Guerreiro, desde janeiro deste ano.<\/p>\n<p style=\"text-align: justify;\">Paulo Henrique Amorim ficou no ar pelo dominical por 13 anos. Sua primeira apari\u00e7\u00e3o foi em fevereiro de 2006.<\/p>\n<p style=\"text-align: justify;\"><em>Fonte: Yahoo Not\u00edcias <\/em><\/p>\n","protected":false},"excerpt":{"rendered":"<p>Aos 77 anos, morreu o jornalista Paulo Henrique Amorim, na madrugada desta quarta-feira (10).\u00a0A morte do jornalista ap\u00f3s sofrer um infarto fulminante em casa foi confirmada pela esposa dele, no Rio de Janeiro.<\/p>\n","protected":false},"author":2,"featured_media":18149,"comment_status":"open","ping_status":"open","sticky":false,"template":"","format":"standard","meta":{"om_disable_all_campaigns":false,"_monsterinsights_skip_tracking":false,"_monsterinsights_sitenote_active":false,"_monsterinsights_sitenote_note":"","_monsterinsights_sitenote_category":0,"footnotes":""},"categories":[34,70,69],"tags":[93,169,2920],"class_list":["post-18148","post","type-post","status-publish","format-standard","has-post-thumbnail","hentry","category-brasil","category-destaques","category-noticias2","tag-brasil","tag-morte","tag-paulo-henrique-amorim"],"aioseo_notices":[],"_links":{"self":[{"href":"https:\/\/www.portalalerta.com.br\/index.php\/wp-json\/wp\/v2\/posts\/18148","targetHints":{"allow":["GET"]}}],"collection":[{"href":"https:\/\/www.portalalerta.com.br\/index.php\/wp-json\/wp\/v2\/posts"}],"about":[{"href":"https:\/\/www.portalalerta.com.br\/index.php\/wp-json\/wp\/v2\/types\/post"}],"author":[{"embeddable":true,"href":"https:\/\/www.portalalerta.com.br\/index.php\/wp-json\/wp\/v2\/users\/2"}],"replies":[{"embeddable":true,"href":"https:\/\/www.portalalerta.com.br\/index.php\/wp-json\/wp\/v2\/comments?post=18148"}],"version-history":[{"count":0,"href":"https:\/\/www.portalalerta.com.br\/index.php\/wp-json\/wp\/v2\/posts\/18148\/revisions"}],"wp:featuredmedia":[{"embeddable":true,"href":"https:\/\/www.portalalerta.com.br\/index.php\/wp-json\/wp\/v2\/media\/18149"}],"wp:attachment":[{"href":"https:\/\/www.portalalerta.com.br\/index.php\/wp-json\/wp\/v2\/media?parent=18148"}],"wp:term":[{"taxonomy":"category","embeddable":true,"href":"https:\/\/www.portalalerta.com.br\/index.php\/wp-json\/wp\/v2\/categories?post=18148"},{"taxonomy":"post_tag","embeddable":true,"href":"https:\/\/www.portalalerta.com.br\/index.php\/wp-json\/wp\/v2\/tags?post=18148"}],"curies":[{"name":"wp","href":"https:\/\/api.w.org\/{rel}","templated":true}]}}