{"id":18151,"date":"2019-07-10T14:58:05","date_gmt":"2019-07-10T17:58:05","guid":{"rendered":"http:\/\/www.portalalerta.com.br\/?p=18151"},"modified":"2019-07-10T14:58:05","modified_gmt":"2019-07-10T17:58:05","slug":"cupula-do-psdb-discute-expulsao-de-aecio","status":"publish","type":"post","link":"https:\/\/www.portalalerta.com.br\/index.php\/2019\/07\/10\/cupula-do-psdb-discute-expulsao-de-aecio\/","title":{"rendered":"C\u00fapula do PSDB discute expuls\u00e3o de A\u00e9cio"},"content":{"rendered":"<p style=\"text-align: justify;\">A c\u00fapula do\u00a0PSDB\u00a0quer que o deputado federal\u00a0A\u00e9cio Neves(MG) e outros tucanos na mira da Pol\u00edcia Federal (PF) se licenciem do partido at\u00e9 agosto. O partido discute at\u00e9 a expuls\u00e3o de A\u00e9cio mas, de acordo com informa\u00e7\u00f5es, o comando do partido tem a expectativa de que o deputado se antecipe e se afaste do partido para que a medida mais \u201ctraum\u00e1tica\u201d \u2013 a expuls\u00e3o \u2013 n\u00e3o seja necess\u00e1ria.<!--more--><\/p>\n<p style=\"text-align: justify;\"><img fetchpriority=\"high\" decoding=\"async\" class=\"size-thumbnail wp-image-17617 aligncenter\" src=\"http:\/\/www.portalalerta.com.br\/wp-content\/uploads\/2019\/06\/Real-S\u00e3o-Jo\u00e3o-2019-1-631x240.jpg\" alt=\"\" width=\"631\" height=\"240\" srcset=\"https:\/\/www.portalalerta.com.br\/wp-content\/uploads\/2019\/06\/Real-S\u00e3o-Jo\u00e3o-2019-1-631x240.jpg 631w, https:\/\/www.portalalerta.com.br\/wp-content\/uploads\/2019\/06\/Real-S\u00e3o-Jo\u00e3o-2019-1-260x99.jpg 260w, https:\/\/www.portalalerta.com.br\/wp-content\/uploads\/2019\/06\/Real-S\u00e3o-Jo\u00e3o-2019-1-50x19.jpg 50w, https:\/\/www.portalalerta.com.br\/wp-content\/uploads\/2019\/06\/Real-S\u00e3o-Jo\u00e3o-2019-1-150x57.jpg 150w, https:\/\/www.portalalerta.com.br\/wp-content\/uploads\/2019\/06\/Real-S\u00e3o-Jo\u00e3o-2019-1.jpg 720w\" sizes=\"(max-width: 631px) 100vw, 631px\" \/>O PSDB, agora sob o comando do ex-deputado federal e ex-ministro Bruno Ara\u00fajo (PE), tem articulado para \u201crepaginar\u201d a imagem da sigla, que tem entre seus caciques o governador de S\u00e3o Paulo, Jo\u00e3o Doria. Doria nega publicamente, mas j\u00e1 pavimenta candidatura \u00e0 sucess\u00e3o presidencial em 2022. Por isso, seu grupo trabalha para afastar pol\u00edticos investigados do partido, numa tentativa de \u201cblindar\u201d a sigla.<\/p>\n<p style=\"text-align: justify;\">A movimenta\u00e7\u00e3o para expulsar A\u00e9cio, revelada pelo colunista Lauro Jardim, de O Globo, inclui tamb\u00e9m outros investigados, como Beto Richa, ex-governador do Paran\u00e1. Na semana passada, A\u00e9cio Neves virou r\u00e9u na Justi\u00e7a Federal de S\u00e3o Paulo por corrup\u00e7\u00e3o e obstru\u00e7\u00e3o \u00e0 Justi\u00e7a, acusado de tentar atrapalhar o andamento da Opera\u00e7\u00e3o Lava Jato. O empres\u00e1rio Joesley Batista afirma ter pago propina de R$ 2 milh\u00f5es ao deputado e sua irm\u00e3 em 2017.A defesa do deputado diz que n\u00e3o \u00e9 fato novo e que vai provar que A\u00e9cio foi v\u00edtima de a\u00e7\u00e3o criminosa.<\/p>\n<p style=\"text-align: justify;\"><em>Fonte: A Voz do Campo<\/em><\/p>\n","protected":false},"excerpt":{"rendered":"<p>A c\u00fapula do\u00a0PSDB\u00a0quer que o deputado federal\u00a0A\u00e9cio Neves(MG) e outros tucanos na mira da Pol\u00edcia Federal (PF) se licenciem do partido at\u00e9 agosto. O partido discute at\u00e9 a expuls\u00e3o de A\u00e9cio mas, de acordo com informa\u00e7\u00f5es, o comando do partido tem a expectativa de que o deputado se antecipe e se afaste do partido para &hellip;<\/p>\n","protected":false},"author":2,"featured_media":3308,"comment_status":"open","ping_status":"open","sticky":false,"template":"","format":"standard","meta":{"om_disable_all_campaigns":false,"_monsterinsights_skip_tracking":false,"_monsterinsights_sitenote_active":false,"_monsterinsights_sitenote_note":"","_monsterinsights_sitenote_category":0,"footnotes":""},"categories":[34,70,69,21],"tags":[236,93,2374,939],"class_list":["post-18151","post","type-post","status-publish","format-standard","has-post-thumbnail","hentry","category-brasil","category-destaques","category-noticias2","category-politica","tag-aecio-neves","tag-brasil","tag-expulsao","tag-psdb"],"aioseo_notices":[],"_links":{"self":[{"href":"https:\/\/www.portalalerta.com.br\/index.php\/wp-json\/wp\/v2\/posts\/18151","targetHints":{"allow":["GET"]}}],"collection":[{"href":"https:\/\/www.portalalerta.com.br\/index.php\/wp-json\/wp\/v2\/posts"}],"about":[{"href":"https:\/\/www.portalalerta.com.br\/index.php\/wp-json\/wp\/v2\/types\/post"}],"author":[{"embeddable":true,"href":"https:\/\/www.portalalerta.com.br\/index.php\/wp-json\/wp\/v2\/users\/2"}],"replies":[{"embeddable":true,"href":"https:\/\/www.portalalerta.com.br\/index.php\/wp-json\/wp\/v2\/comments?post=18151"}],"version-history":[{"count":0,"href":"https:\/\/www.portalalerta.com.br\/index.php\/wp-json\/wp\/v2\/posts\/18151\/revisions"}],"wp:featuredmedia":[{"embeddable":true,"href":"https:\/\/www.portalalerta.com.br\/index.php\/wp-json\/wp\/v2\/media\/3308"}],"wp:attachment":[{"href":"https:\/\/www.portalalerta.com.br\/index.php\/wp-json\/wp\/v2\/media?parent=18151"}],"wp:term":[{"taxonomy":"category","embeddable":true,"href":"https:\/\/www.portalalerta.com.br\/index.php\/wp-json\/wp\/v2\/categories?post=18151"},{"taxonomy":"post_tag","embeddable":true,"href":"https:\/\/www.portalalerta.com.br\/index.php\/wp-json\/wp\/v2\/tags?post=18151"}],"curies":[{"name":"wp","href":"https:\/\/api.w.org\/{rel}","templated":true}]}}