{"id":18154,"date":"2019-07-10T16:17:04","date_gmt":"2019-07-10T19:17:04","guid":{"rendered":"http:\/\/www.portalalerta.com.br\/?p=18154"},"modified":"2019-07-10T16:17:04","modified_gmt":"2019-07-10T19:17:04","slug":"policlinica-vai-atender-moradores-da-regiao-de-paulo-afonso-entenda-o-funcionamento","status":"publish","type":"post","link":"https:\/\/www.portalalerta.com.br\/index.php\/2019\/07\/10\/policlinica-vai-atender-moradores-da-regiao-de-paulo-afonso-entenda-o-funcionamento\/","title":{"rendered":"Policl\u00ednica vai atender moradores da regi\u00e3o de Paulo Afonso; entenda o funcionamento"},"content":{"rendered":"<p style=\"text-align: justify;\">Os cerca de 260 mil moradores dos munic\u00edpios do cons\u00f3rcio formado por Abar\u00e9, Chorroch\u00f3, Gl\u00f3ria, Jeremoabo, Macurur\u00e9, Paulo Afonso, Pedro Alexandre, Rodelas e Santa Br\u00edgida ter\u00e3o \u00e0 disposi\u00e7\u00e3o exames e consultas m\u00e9dicas em diversas especialidades na Policl\u00ednica Regional de Sa\u00fade que ser\u00e1 na inaugurada na sexta-feira (12) pelo governador Rui Costa, em Paulo Afonso.<!--more--><\/p>\n<p style=\"text-align: justify;\"><img fetchpriority=\"high\" decoding=\"async\" class=\"size-thumbnail wp-image-4869 aligncenter\" src=\"http:\/\/www.portalalerta.com.br\/wp-content\/uploads\/2018\/02\/Auto-Escola-Nobre-720x181.jpg\" alt=\"\" width=\"720\" height=\"181\" srcset=\"https:\/\/www.portalalerta.com.br\/wp-content\/uploads\/2018\/02\/Auto-Escola-Nobre.jpg 720w, https:\/\/www.portalalerta.com.br\/wp-content\/uploads\/2018\/02\/Auto-Escola-Nobre-260x65.jpg 260w, https:\/\/www.portalalerta.com.br\/wp-content\/uploads\/2018\/02\/Auto-Escola-Nobre-50x13.jpg 50w, https:\/\/www.portalalerta.com.br\/wp-content\/uploads\/2018\/02\/Auto-Escola-Nobre-150x38.jpg 150w\" sizes=\"(max-width: 720px) 100vw, 720px\" \/>Os cidad\u00e3os ser\u00e3o atendidos atrav\u00e9s de encaminhamento feito pelos munic\u00edpios onde moram, que ficam respons\u00e1veis por agendar consultas e exames. A necessidade \u00e9 identificada nos postos do Programa de Sa\u00fade da Fam\u00edlia (PSF) ou em Unidades B\u00e1sicas de Sa\u00fade (UBS). Para garantir e facilitar o acesso de todos, ser\u00e3o disponibilizados micro-\u00f4nibus climatizados para levar e trazer os pacientes todos os dias.<\/p>\n<p style=\"text-align: justify;\">Durante a apresenta\u00e7\u00e3o do seu programa \u201cPapo Correria\u201d em redes sociais, Rui Costa explicou a respeito do funcionamento da Policl\u00ednica. <strong>Veja:<\/strong><\/p>\n<div style=\"width: 640px;\" class=\"wp-video\"><!--[if lt IE 9]><script>document.createElement('video');<\/script><![endif]-->\n<video class=\"wp-video-shortcode\" id=\"video-18154-1\" width=\"640\" height=\"352\" preload=\"metadata\" controls=\"controls\"><source type=\"video\/mp4\" src=\"http:\/\/www.portalalerta.com.br\/wp-content\/uploads\/2019\/07\/Funcionamento-da-Policlinica-de-Paulo-Afonso-2019.mp4?_=1\" \/><a href=\"http:\/\/www.portalalerta.com.br\/wp-content\/uploads\/2019\/07\/Funcionamento-da-Policlinica-de-Paulo-Afonso-2019.mp4\">http:\/\/www.portalalerta.com.br\/wp-content\/uploads\/2019\/07\/Funcionamento-da-Policlinica-de-Paulo-Afonso-2019.mp4<\/a><\/video><\/div>\n<p style=\"text-align: justify;\"><em>Fonte: SECOM\/ Bahia<\/em><\/p>\n","protected":false},"excerpt":{"rendered":"<p>Os cerca de 260 mil moradores dos munic\u00edpios do cons\u00f3rcio formado por Abar\u00e9, Chorroch\u00f3, Gl\u00f3ria, Jeremoabo, Macurur\u00e9, Paulo Afonso, Pedro Alexandre, Rodelas e Santa Br\u00edgida ter\u00e3o \u00e0 disposi\u00e7\u00e3o exames e consultas m\u00e9dicas em diversas especialidades na Policl\u00ednica Regional de Sa\u00fade que ser\u00e1 na inaugurada na sexta-feira (12) pelo governador Rui Costa, em Paulo Afonso.<\/p>\n","protected":false},"author":2,"featured_media":18156,"comment_status":"open","ping_status":"open","sticky":false,"template":"","format":"standard","meta":{"om_disable_all_campaigns":false,"_monsterinsights_skip_tracking":false,"_monsterinsights_sitenote_active":false,"_monsterinsights_sitenote_note":"","_monsterinsights_sitenote_category":0,"footnotes":""},"categories":[33,70,69,19],"tags":[54,283,1536,118,1534,282,61],"class_list":["post-18154","post","type-post","status-publish","format-standard","has-post-thumbnail","hentry","category-bahia","category-destaques","category-noticias2","category-saude","tag-bahia","tag-governador","tag-inauguracao","tag-paulo-afonso","tag-policlinica","tag-rui-costa","tag-saude"],"aioseo_notices":[],"_links":{"self":[{"href":"https:\/\/www.portalalerta.com.br\/index.php\/wp-json\/wp\/v2\/posts\/18154","targetHints":{"allow":["GET"]}}],"collection":[{"href":"https:\/\/www.portalalerta.com.br\/index.php\/wp-json\/wp\/v2\/posts"}],"about":[{"href":"https:\/\/www.portalalerta.com.br\/index.php\/wp-json\/wp\/v2\/types\/post"}],"author":[{"embeddable":true,"href":"https:\/\/www.portalalerta.com.br\/index.php\/wp-json\/wp\/v2\/users\/2"}],"replies":[{"embeddable":true,"href":"https:\/\/www.portalalerta.com.br\/index.php\/wp-json\/wp\/v2\/comments?post=18154"}],"version-history":[{"count":0,"href":"https:\/\/www.portalalerta.com.br\/index.php\/wp-json\/wp\/v2\/posts\/18154\/revisions"}],"wp:featuredmedia":[{"embeddable":true,"href":"https:\/\/www.portalalerta.com.br\/index.php\/wp-json\/wp\/v2\/media\/18156"}],"wp:attachment":[{"href":"https:\/\/www.portalalerta.com.br\/index.php\/wp-json\/wp\/v2\/media?parent=18154"}],"wp:term":[{"taxonomy":"category","embeddable":true,"href":"https:\/\/www.portalalerta.com.br\/index.php\/wp-json\/wp\/v2\/categories?post=18154"},{"taxonomy":"post_tag","embeddable":true,"href":"https:\/\/www.portalalerta.com.br\/index.php\/wp-json\/wp\/v2\/tags?post=18154"}],"curies":[{"name":"wp","href":"https:\/\/api.w.org\/{rel}","templated":true}]}}