{"id":18158,"date":"2019-07-10T20:07:23","date_gmt":"2019-07-10T23:07:23","guid":{"rendered":"http:\/\/www.portalalerta.com.br\/?p=18158"},"modified":"2019-07-10T20:07:23","modified_gmt":"2019-07-10T23:07:23","slug":"herdeiro-da-oas-sofre-infarto-durante-audiencia-em-curitiba","status":"publish","type":"post","link":"https:\/\/www.portalalerta.com.br\/index.php\/2019\/07\/10\/herdeiro-da-oas-sofre-infarto-durante-audiencia-em-curitiba\/","title":{"rendered":"Herdeiro da OAS sofre infarto durante audi\u00eancia em Curitiba"},"content":{"rendered":"<p style=\"text-align: justify;\">Herdeiro da construtora OAS, neto do ex-senador ACM e primo do prefeito ACM Neto, C\u00e9sar Mata Pires Filho sofreu um infarto na tarde de segunda-feira,08, durante depoimento que prestava na Justi\u00e7a Federal de Curitiba, no Paran\u00e1.\u00a0<!--more--><\/p>\n<p style=\"text-align: justify;\">N\u00e3o h\u00e1 informa\u00e7\u00f5es sobre o estado de sa\u00fade dele. Rumores\u00a0apontam que Mata Pires Filho foi encaminhado com urg\u00eancia para atendimento de sa\u00fade.<\/p>\n<p style=\"text-align: justify;\"><img fetchpriority=\"high\" decoding=\"async\" class=\"size-full wp-image-2867 aligncenter\" src=\"http:\/\/www.portalalerta.com.br\/wp-content\/uploads\/2017\/11\/protege-1.jpg\" alt=\"\" width=\"600\" height=\"140\" \/>O empres\u00e1rio \u00e9 investigado na Opera\u00e7\u00e3o Lava Jato e foi preso no final de 2018. Mata Pires Filho \u00e9 acusado de participar do esquema de pagamento de propina a ex-dirigentes da Petrobras e do Petros no \u00e2mbito da constru\u00e7\u00e3o da Torre Pituba, sede da estatal em Salvador, quando era vice-presidente da OAS.<\/p>\n<p style=\"text-align: justify;\">Parte das vantagens indevidas tamb\u00e9m teriam sido destinadas ao Diret\u00f3rio Nacional do PT, segundo o Minist\u00e9rio P\u00fablico Federal.<\/p>\n<p style=\"text-align: justify;\"><em>Fonte: Metro1<\/em><\/p>\n","protected":false},"excerpt":{"rendered":"<p>Herdeiro da construtora OAS, neto do ex-senador ACM e primo do prefeito ACM Neto, C\u00e9sar Mata Pires Filho sofreu um infarto na tarde de segunda-feira,08, durante depoimento que prestava na Justi\u00e7a Federal de Curitiba, no Paran\u00e1.\u00a0<\/p>\n","protected":false},"author":2,"featured_media":18159,"comment_status":"open","ping_status":"open","sticky":false,"template":"","format":"standard","meta":{"om_disable_all_campaigns":false,"_monsterinsights_skip_tracking":false,"_monsterinsights_sitenote_active":false,"_monsterinsights_sitenote_note":"","_monsterinsights_sitenote_category":0,"footnotes":""},"categories":[34,70,69,21],"tags":[93,441,413,2389,1898,442,173],"class_list":["post-18158","post","type-post","status-publish","format-standard","has-post-thumbnail","hentry","category-brasil","category-destaques","category-noticias2","category-politica","tag-brasil","tag-curitiba","tag-depoimento","tag-infarto","tag-oas","tag-parana","tag-policia-federal"],"aioseo_notices":[],"_links":{"self":[{"href":"https:\/\/www.portalalerta.com.br\/index.php\/wp-json\/wp\/v2\/posts\/18158","targetHints":{"allow":["GET"]}}],"collection":[{"href":"https:\/\/www.portalalerta.com.br\/index.php\/wp-json\/wp\/v2\/posts"}],"about":[{"href":"https:\/\/www.portalalerta.com.br\/index.php\/wp-json\/wp\/v2\/types\/post"}],"author":[{"embeddable":true,"href":"https:\/\/www.portalalerta.com.br\/index.php\/wp-json\/wp\/v2\/users\/2"}],"replies":[{"embeddable":true,"href":"https:\/\/www.portalalerta.com.br\/index.php\/wp-json\/wp\/v2\/comments?post=18158"}],"version-history":[{"count":0,"href":"https:\/\/www.portalalerta.com.br\/index.php\/wp-json\/wp\/v2\/posts\/18158\/revisions"}],"wp:featuredmedia":[{"embeddable":true,"href":"https:\/\/www.portalalerta.com.br\/index.php\/wp-json\/wp\/v2\/media\/18159"}],"wp:attachment":[{"href":"https:\/\/www.portalalerta.com.br\/index.php\/wp-json\/wp\/v2\/media?parent=18158"}],"wp:term":[{"taxonomy":"category","embeddable":true,"href":"https:\/\/www.portalalerta.com.br\/index.php\/wp-json\/wp\/v2\/categories?post=18158"},{"taxonomy":"post_tag","embeddable":true,"href":"https:\/\/www.portalalerta.com.br\/index.php\/wp-json\/wp\/v2\/tags?post=18158"}],"curies":[{"name":"wp","href":"https:\/\/api.w.org\/{rel}","templated":true}]}}