{"id":18175,"date":"2019-07-11T14:01:03","date_gmt":"2019-07-11T17:01:03","guid":{"rendered":"http:\/\/www.portalalerta.com.br\/?p=18175"},"modified":"2019-07-11T14:01:03","modified_gmt":"2019-07-11T17:01:03","slug":"morre-aos-64-anos-o-ex-prefeito-de-ribeira-do-pombal-ba-dada","status":"publish","type":"post","link":"https:\/\/www.portalalerta.com.br\/index.php\/2019\/07\/11\/morre-aos-64-anos-o-ex-prefeito-de-ribeira-do-pombal-ba-dada\/","title":{"rendered":"Morre aos 64 anos o ex-prefeito de Ribeira do Pombal-BA, Dad\u00e1"},"content":{"rendered":"<p style=\"text-align: justify;\">Faleceu em Salvador, na manh\u00e3 desta quinta-feira (11\/07), o ex-prefeito de Ribeira do Pombal, Edvaldo Cardoso Calasans, conhecido como Dad\u00e1, v\u00edtima de c\u00e2ncer.<!--more--><\/p>\n<p style=\"text-align: justify;\">Sua vida na pol\u00edtica veio por influ\u00eancia do seu pai, Edval Calasans, popular Div\u00e1, prefeito de Ribeira do Pombal, eleito em 1976, e o primeiro da hist\u00f3ria de Banza\u00ea\/BA.<\/p>\n<p style=\"text-align: justify;\"><img fetchpriority=\"high\" decoding=\"async\" class=\"size-full wp-image-2867 aligncenter\" src=\"http:\/\/www.portalalerta.com.br\/wp-content\/uploads\/2017\/11\/protege-1.jpg\" alt=\"\" width=\"600\" height=\"140\" \/>Dad\u00e1 foi eleito vereador em 1988 e prefeito por duas vezes, 1996 e 2000, considerado a grande lideran\u00e7a pol\u00edtica do munic\u00edpio na d\u00e9cada de 90. Foi ainda candidato a deputado estadual em 2006 e prefeito em outras duas ocasi\u00f5es, 1992 e 2008.<\/p>\n<p style=\"text-align: justify;\">O vel\u00f3rio acontecer\u00e1 na resid\u00eancia da fam\u00edlia, localizada na rua Salustiano Barreto Mendon\u00e7a, ao lado do Col\u00e9gio S\u00edlvia Brito e, na sequ\u00eancia, ser\u00e1 levado \u00e0 C\u00e2mara Municipal, antes de seguir ao sepultamento no Cemit\u00e9rio Senhor da Ascens\u00e3o (Cemit\u00e9rio Novo).<\/p>\n<p style=\"text-align: justify;\">A fam\u00edlia informou que autorizou a doa\u00e7\u00e3o das c\u00f3rneas do ex-prefeito.<\/p>\n<p style=\"text-align: justify;\"><em>Fonte: R\u00e1dio Povo<\/em><\/p>\n","protected":false},"excerpt":{"rendered":"<p>Faleceu em Salvador, na manh\u00e3 desta quinta-feira (11\/07), o ex-prefeito de Ribeira do Pombal, Edvaldo Cardoso Calasans, conhecido como Dad\u00e1, v\u00edtima de c\u00e2ncer.<\/p>\n","protected":false},"author":2,"featured_media":18176,"comment_status":"open","ping_status":"open","sticky":false,"template":"","format":"standard","meta":{"om_disable_all_campaigns":false,"_monsterinsights_skip_tracking":false,"_monsterinsights_sitenote_active":false,"_monsterinsights_sitenote_note":"","_monsterinsights_sitenote_category":0,"footnotes":""},"categories":[70,69,21,32,3],"tags":[2924,134,169,47],"class_list":["post-18175","post","type-post","status-publish","format-standard","has-post-thumbnail","hentry","category-destaques","category-noticias2","category-politica","category-regiao","category-ribeira-do-pombal","tag-dada","tag-ex-prefeito","tag-morte","tag-ribeira-do-pombal"],"aioseo_notices":[],"_links":{"self":[{"href":"https:\/\/www.portalalerta.com.br\/index.php\/wp-json\/wp\/v2\/posts\/18175","targetHints":{"allow":["GET"]}}],"collection":[{"href":"https:\/\/www.portalalerta.com.br\/index.php\/wp-json\/wp\/v2\/posts"}],"about":[{"href":"https:\/\/www.portalalerta.com.br\/index.php\/wp-json\/wp\/v2\/types\/post"}],"author":[{"embeddable":true,"href":"https:\/\/www.portalalerta.com.br\/index.php\/wp-json\/wp\/v2\/users\/2"}],"replies":[{"embeddable":true,"href":"https:\/\/www.portalalerta.com.br\/index.php\/wp-json\/wp\/v2\/comments?post=18175"}],"version-history":[{"count":0,"href":"https:\/\/www.portalalerta.com.br\/index.php\/wp-json\/wp\/v2\/posts\/18175\/revisions"}],"wp:featuredmedia":[{"embeddable":true,"href":"https:\/\/www.portalalerta.com.br\/index.php\/wp-json\/wp\/v2\/media\/18176"}],"wp:attachment":[{"href":"https:\/\/www.portalalerta.com.br\/index.php\/wp-json\/wp\/v2\/media?parent=18175"}],"wp:term":[{"taxonomy":"category","embeddable":true,"href":"https:\/\/www.portalalerta.com.br\/index.php\/wp-json\/wp\/v2\/categories?post=18175"},{"taxonomy":"post_tag","embeddable":true,"href":"https:\/\/www.portalalerta.com.br\/index.php\/wp-json\/wp\/v2\/tags?post=18175"}],"curies":[{"name":"wp","href":"https:\/\/api.w.org\/{rel}","templated":true}]}}