{"id":18178,"date":"2019-07-12T23:09:23","date_gmt":"2019-07-13T02:09:23","guid":{"rendered":"http:\/\/www.portalalerta.com.br\/?p=18178"},"modified":"2019-07-12T23:09:23","modified_gmt":"2019-07-13T02:09:23","slug":"nona-policlinica-regional-de-saude-e-entregue-em-paulo-afonso-ba","status":"publish","type":"post","link":"https:\/\/www.portalalerta.com.br\/index.php\/2019\/07\/12\/nona-policlinica-regional-de-saude-e-entregue-em-paulo-afonso-ba\/","title":{"rendered":"Nona Policl\u00ednica Regional de sa\u00fade \u00e9 entregue em Paulo Afonso-BA"},"content":{"rendered":"<p style=\"text-align: justify;\">O governador Rui Costa inaugurou, nesta sexta-feira (12), a nona Policl\u00ednica Regional de Sa\u00fade do estado, localizada em Paulo Afonso, cidade do norte baiano. A unidade chega para beneficiar 260 mil moradores dos munic\u00edpios integrantes do cons\u00f3rcio p\u00fablico de sa\u00fade formado por Abar\u00e9, Chorroch\u00f3, Gl\u00f3ria, Jeremoabo, Macurur\u00e9, Paulo Afonso, Pedro Alexandre, Rodelas e Santa Br\u00edgida.<!--more--><\/p>\n<p>\u201cEspero que as pessoas possam, como tem sido nas outras oito policl\u00ednicas pelo estado, utilizar 100% do equipamento que j\u00e1 come\u00e7a a atender a popula\u00e7\u00e3o na pr\u00f3xima semana, com 19 especialidades m\u00e9dicas e realizando os principais exames que nem s\u00e3o oferecidos na maior parte das cl\u00ednicas particulares, e a popula\u00e7\u00e3o vai ter acesso na sa\u00fade p\u00fablica\u201d, comentou o governador Rui Costa.<\/p>\n<p><img fetchpriority=\"high\" decoding=\"async\" class=\"size-thumbnail wp-image-17617 aligncenter\" src=\"http:\/\/www.portalalerta.com.br\/wp-content\/uploads\/2019\/06\/Real-S\u00e3o-Jo\u00e3o-2019-1-631x240.jpg\" alt=\"\" width=\"631\" height=\"240\" srcset=\"https:\/\/www.portalalerta.com.br\/wp-content\/uploads\/2019\/06\/Real-S\u00e3o-Jo\u00e3o-2019-1-631x240.jpg 631w, https:\/\/www.portalalerta.com.br\/wp-content\/uploads\/2019\/06\/Real-S\u00e3o-Jo\u00e3o-2019-1-260x99.jpg 260w, https:\/\/www.portalalerta.com.br\/wp-content\/uploads\/2019\/06\/Real-S\u00e3o-Jo\u00e3o-2019-1-50x19.jpg 50w, https:\/\/www.portalalerta.com.br\/wp-content\/uploads\/2019\/06\/Real-S\u00e3o-Jo\u00e3o-2019-1-150x57.jpg 150w, https:\/\/www.portalalerta.com.br\/wp-content\/uploads\/2019\/06\/Real-S\u00e3o-Jo\u00e3o-2019-1.jpg 720w\" sizes=\"(max-width: 631px) 100vw, 631px\" \/>No total, O Governo do Estado investiu R$ 22 milh\u00f5es na constru\u00e7\u00e3o e aquisi\u00e7\u00e3o de equipamentos, mobili\u00e1rio e micro-\u00f4nibus para o transporte de pacientes que residem nos outros munic\u00edpios integrantes do cons\u00f3rcio p\u00fablico de sa\u00fade.<\/p>\n<p>A policl\u00ednica contar\u00e1 com 69 profissionais atuando para dar assist\u00eancia \u00e0 popula\u00e7\u00e3o de nove munic\u00edpios do norte baiano. S\u00e3o m\u00e9dicos, enfermeiros, psic\u00f3logo, farmac\u00eautico, nutricionista, ouvidor, assessores t\u00e9cnicos, assistente social, t\u00e9cnicos em enfermagem, t\u00e9cnicos em radiologia e assistentes administrativos. O equipamento vai oferecer diversas especialidades, como angiologia, cardiologia, endocrinologia, gastroenterologia, neurologia, ortopedia, oftalmologia, otorrinolaringologia, ginecologia\/obstetr\u00edcia, mastologia e urologia.\n<\/p>\n<figure id=\"attachment_18179\" aria-describedby=\"caption-attachment-18179\" style=\"width: 511px\" class=\"wp-caption aligncenter\"><img decoding=\"async\" class=\"wp-image-18179 size-full\" src=\"http:\/\/www.portalalerta.com.br\/wp-content\/uploads\/2019\/07\/inaugura\u00e7\u00e3o-da-policl\u00ednica-de-Paulo-Afonso-2019.jpg\" alt=\"\" width=\"511\" height=\"350\" srcset=\"https:\/\/www.portalalerta.com.br\/wp-content\/uploads\/2019\/07\/inaugura\u00e7\u00e3o-da-policl\u00ednica-de-Paulo-Afonso-2019.jpg 511w, https:\/\/www.portalalerta.com.br\/wp-content\/uploads\/2019\/07\/inaugura\u00e7\u00e3o-da-policl\u00ednica-de-Paulo-Afonso-2019-350x240.jpg 350w, https:\/\/www.portalalerta.com.br\/wp-content\/uploads\/2019\/07\/inaugura\u00e7\u00e3o-da-policl\u00ednica-de-Paulo-Afonso-2019-213x146.jpg 213w, https:\/\/www.portalalerta.com.br\/wp-content\/uploads\/2019\/07\/inaugura\u00e7\u00e3o-da-policl\u00ednica-de-Paulo-Afonso-2019-50x34.jpg 50w, https:\/\/www.portalalerta.com.br\/wp-content\/uploads\/2019\/07\/inaugura\u00e7\u00e3o-da-policl\u00ednica-de-Paulo-Afonso-2019-110x75.jpg 110w\" sizes=\"(max-width: 511px) 100vw, 511px\" \/><figcaption id=\"caption-attachment-18179\" class=\"wp-caption-text\">Nona Policl\u00ednica inaugurada na Bahia<\/figcaption><\/figure>\n<p style=\"text-align: justify;\">Ao todo, as oito unidades inauguradas na Bahia entre o final de 2017 e o primeiro semestre de 2018, somam mais de 500 mil atendimentos a cidad\u00e3os das regi\u00f5es de Guanambi, Jequi\u00e9, Irec\u00ea, Alagoinhas, Feira de Santana, Valen\u00e7a, Santo Ant\u00f4nio de Jesus e Teixeira de Freitas. Outras dez policl\u00ednicas est\u00e3o em constru\u00e7\u00e3o nos munic\u00edpios de Salvador, Barreiras, Itabuna, Jacobina, Juazeiro, S\u00e3o Francisco do Conde, Sim\u00f5es Filho, Vit\u00f3ria da Conquista e Ribeira do Pombal.<\/p>\n<p style=\"text-align: justify;\"><em>Fonte: SECOM\/ Bahia<\/em><\/p>\n","protected":false},"excerpt":{"rendered":"<p>O governador Rui Costa inaugurou, nesta sexta-feira (12), a nona Policl\u00ednica Regional de Sa\u00fade do estado, localizada em Paulo Afonso, cidade do norte baiano. A unidade chega para beneficiar 260 mil moradores dos munic\u00edpios integrantes do cons\u00f3rcio p\u00fablico de sa\u00fade formado por Abar\u00e9, Chorroch\u00f3, Gl\u00f3ria, Jeremoabo, Macurur\u00e9, Paulo Afonso, Pedro Alexandre, Rodelas e Santa Br\u00edgida.<\/p>\n","protected":false},"author":2,"featured_media":18156,"comment_status":"open","ping_status":"open","sticky":false,"template":"","format":"standard","meta":{"om_disable_all_campaigns":false,"_monsterinsights_skip_tracking":false,"_monsterinsights_sitenote_active":false,"_monsterinsights_sitenote_note":"","_monsterinsights_sitenote_category":0,"footnotes":""},"categories":[33,70,69,21,19],"tags":[323,683,310,283,912,1536,230,1691,118,1518,1534,2454,282,555,61],"class_list":["post-18178","post","type-post","status-publish","format-standard","has-post-thumbnail","hentry","category-bahia","category-destaques","category-noticias2","category-politica","category-saude","tag-abare","tag-chorrocho","tag-gloria","tag-governador","tag-governo-da-bahia","tag-inauguracao","tag-jeremoabo","tag-macurure","tag-paulo-afonso","tag-pedro-alexandre","tag-policlinica","tag-rodelas","tag-rui-costa","tag-santa-brigida","tag-saude"],"aioseo_notices":[],"_links":{"self":[{"href":"https:\/\/www.portalalerta.com.br\/index.php\/wp-json\/wp\/v2\/posts\/18178","targetHints":{"allow":["GET"]}}],"collection":[{"href":"https:\/\/www.portalalerta.com.br\/index.php\/wp-json\/wp\/v2\/posts"}],"about":[{"href":"https:\/\/www.portalalerta.com.br\/index.php\/wp-json\/wp\/v2\/types\/post"}],"author":[{"embeddable":true,"href":"https:\/\/www.portalalerta.com.br\/index.php\/wp-json\/wp\/v2\/users\/2"}],"replies":[{"embeddable":true,"href":"https:\/\/www.portalalerta.com.br\/index.php\/wp-json\/wp\/v2\/comments?post=18178"}],"version-history":[{"count":0,"href":"https:\/\/www.portalalerta.com.br\/index.php\/wp-json\/wp\/v2\/posts\/18178\/revisions"}],"wp:featuredmedia":[{"embeddable":true,"href":"https:\/\/www.portalalerta.com.br\/index.php\/wp-json\/wp\/v2\/media\/18156"}],"wp:attachment":[{"href":"https:\/\/www.portalalerta.com.br\/index.php\/wp-json\/wp\/v2\/media?parent=18178"}],"wp:term":[{"taxonomy":"category","embeddable":true,"href":"https:\/\/www.portalalerta.com.br\/index.php\/wp-json\/wp\/v2\/categories?post=18178"},{"taxonomy":"post_tag","embeddable":true,"href":"https:\/\/www.portalalerta.com.br\/index.php\/wp-json\/wp\/v2\/tags?post=18178"}],"curies":[{"name":"wp","href":"https:\/\/api.w.org\/{rel}","templated":true}]}}