{"id":18184,"date":"2019-07-12T23:20:03","date_gmt":"2019-07-13T02:20:03","guid":{"rendered":"http:\/\/www.portalalerta.com.br\/?p=18184"},"modified":"2019-07-12T23:44:19","modified_gmt":"2019-07-13T02:44:19","slug":"ribeira-do-pombal-ba-para-em-homenagem-ao-ex-prefeito-dada","status":"publish","type":"post","link":"https:\/\/www.portalalerta.com.br\/index.php\/2019\/07\/12\/ribeira-do-pombal-ba-para-em-homenagem-ao-ex-prefeito-dada\/","title":{"rendered":"Ribeira do Pombal-BA para, em homenagem ao ex-prefeito Dad\u00e1"},"content":{"rendered":"<p style=\"text-align: justify;\">Desde o an\u00fancio da <a href=\"http:\/\/www.portalalerta.com.br\/index.php\/2019\/07\/11\/morre-aos-64-anos-o-ex-prefeito-de-ribeira-do-pombal-ba-dada\/\"><strong>morte do ex-prefeito de Ribeira do Pombal-BA, Edvaldo Cardoso Calasans (Dad\u00e1), fato ocorrido na manh\u00e3 de quinta-feira, 11,<\/strong><\/a> o clima do munic\u00edpio aos poucos se transformou num mix de tristeza e descren\u00e7a, pelo fato de um dos maiores l\u00edderes pol\u00edticos das \u00faltimas d\u00e9cadas ter sido \u201cderrotado\u201d pelo c\u00e2ncer.<!--more--><\/p>\n<p style=\"text-align: justify;\">Aos poucos, a Rua Salustiano Barreto Mendon\u00e7a, regi\u00e3o central, onde fica a resid\u00eancia da fam\u00edlia, foi tomada por amigos, admiradores, eleitores, bem como advers\u00e1rios pol\u00edticos de outrora. Todos com um objetivo: dar o adeus \u00e0quele que mudou a hist\u00f3ria pol\u00edtica de Ribeira do Pombal-BA.<\/p>\n<p style=\"text-align: justify;\">Conforme previsto, o corpo foi velado em sua resid\u00eancia desde a chegada ao munic\u00edpio, por volta das 19:30hs at\u00e9 o in\u00edcio da manh\u00e3 de sexta-feira, 12, momento em que seguiu para a C\u00e2mara Municipal, permanecendo at\u00e9 \u00e0s 11:00hs.<\/p>\n<p style=\"text-align: justify;\"><img fetchpriority=\"high\" decoding=\"async\" class=\"size-thumbnail wp-image-4869 aligncenter\" src=\"http:\/\/www.portalalerta.com.br\/wp-content\/uploads\/2018\/02\/Auto-Escola-Nobre-720x181.jpg\" alt=\"\" width=\"720\" height=\"181\" srcset=\"https:\/\/www.portalalerta.com.br\/wp-content\/uploads\/2018\/02\/Auto-Escola-Nobre.jpg 720w, https:\/\/www.portalalerta.com.br\/wp-content\/uploads\/2018\/02\/Auto-Escola-Nobre-260x65.jpg 260w, https:\/\/www.portalalerta.com.br\/wp-content\/uploads\/2018\/02\/Auto-Escola-Nobre-50x13.jpg 50w, https:\/\/www.portalalerta.com.br\/wp-content\/uploads\/2018\/02\/Auto-Escola-Nobre-150x38.jpg 150w\" sizes=\"(max-width: 720px) 100vw, 720px\" \/>Por fim, o cortejo seguiu pelas principais ruas da cidade acompanhado por uma multid\u00e3o, at\u00e9 o Cemit\u00e9rio Senhor da Ascens\u00e3o, onde foi sepultado sob grande como\u00e7\u00e3o.<\/p>\n<p style=\"text-align: justify;\"><strong>Luto Oficial<\/strong><\/p>\n<figure id=\"attachment_18188\" aria-describedby=\"caption-attachment-18188\" style=\"width: 520px\" class=\"wp-caption aligncenter\"><img decoding=\"async\" class=\"wp-image-18188 size-full\" src=\"http:\/\/www.portalalerta.com.br\/wp-content\/uploads\/2019\/07\/morte-de-Dad\u00e1.1.jpeg\" alt=\"\" width=\"520\" height=\"400\" srcset=\"https:\/\/www.portalalerta.com.br\/wp-content\/uploads\/2019\/07\/morte-de-Dad\u00e1.1.jpeg 520w, https:\/\/www.portalalerta.com.br\/wp-content\/uploads\/2019\/07\/morte-de-Dad\u00e1.1-312x240.jpeg 312w, https:\/\/www.portalalerta.com.br\/wp-content\/uploads\/2019\/07\/morte-de-Dad\u00e1.1-190x146.jpeg 190w, https:\/\/www.portalalerta.com.br\/wp-content\/uploads\/2019\/07\/morte-de-Dad\u00e1.1-50x38.jpeg 50w, https:\/\/www.portalalerta.com.br\/wp-content\/uploads\/2019\/07\/morte-de-Dad\u00e1.1-98x75.jpeg 98w\" sizes=\"(max-width: 520px) 100vw, 520px\" \/><figcaption id=\"caption-attachment-18188\" class=\"wp-caption-text\">Bandeiras \u00e0 meio mastro, na sede da Prefeitura de Ribeira do Pombal-BA, em sinal de luto<\/figcaption><\/figure>\n<p style=\"text-align: justify;\">Desde a confirma\u00e7\u00e3o do falecimento do ex-prefeito Dad\u00e1, o atual gestor, Ricardo Maia, decretou luto oficial de tr\u00eas dias, bem como a suspens\u00e3o do expediente em reparti\u00e7\u00f5es p\u00fablicas nesta sexta-feira, 12, data do sepultamento. Confira:<\/p>\n<p style=\"text-align: justify;\"><strong><img decoding=\"async\" class=\"aligncenter wp-image-18185 size-full\" src=\"http:\/\/www.portalalerta.com.br\/wp-content\/uploads\/2019\/07\/morte-de-Dad\u00e1.jpeg\" alt=\"\" width=\"720\" height=\"850\" srcset=\"https:\/\/www.portalalerta.com.br\/wp-content\/uploads\/2019\/07\/morte-de-Dad\u00e1.jpeg 720w, https:\/\/www.portalalerta.com.br\/wp-content\/uploads\/2019\/07\/morte-de-Dad\u00e1-203x240.jpeg 203w, https:\/\/www.portalalerta.com.br\/wp-content\/uploads\/2019\/07\/morte-de-Dad\u00e1-124x146.jpeg 124w, https:\/\/www.portalalerta.com.br\/wp-content\/uploads\/2019\/07\/morte-de-Dad\u00e1-42x50.jpeg 42w, https:\/\/www.portalalerta.com.br\/wp-content\/uploads\/2019\/07\/morte-de-Dad\u00e1-64x75.jpeg 64w\" sizes=\"(max-width: 720px) 100vw, 720px\" \/>Carreira Pol\u00edtica<\/strong><\/p>\n<figure id=\"attachment_18176\" aria-describedby=\"caption-attachment-18176\" style=\"width: 331px\" class=\"wp-caption aligncenter\"><img loading=\"lazy\" decoding=\"async\" class=\"wp-image-18176 size-full\" src=\"http:\/\/www.portalalerta.com.br\/wp-content\/uploads\/2019\/07\/Edvaldo-Cardoso-Calazans-Dad\u00e1.jpg\" alt=\"\" width=\"331\" height=\"282\" srcset=\"https:\/\/www.portalalerta.com.br\/wp-content\/uploads\/2019\/07\/Edvaldo-Cardoso-Calazans-Dad\u00e1.jpg 331w, https:\/\/www.portalalerta.com.br\/wp-content\/uploads\/2019\/07\/Edvaldo-Cardoso-Calazans-Dad\u00e1-282x240.jpg 282w, https:\/\/www.portalalerta.com.br\/wp-content\/uploads\/2019\/07\/Edvaldo-Cardoso-Calazans-Dad\u00e1-171x146.jpg 171w, https:\/\/www.portalalerta.com.br\/wp-content\/uploads\/2019\/07\/Edvaldo-Cardoso-Calazans-Dad\u00e1-50x43.jpg 50w, https:\/\/www.portalalerta.com.br\/wp-content\/uploads\/2019\/07\/Edvaldo-Cardoso-Calazans-Dad\u00e1-88x75.jpg 88w\" sizes=\"(max-width: 331px) 100vw, 331px\" \/><figcaption id=\"caption-attachment-18176\" class=\"wp-caption-text\">Ex prefeito morreu v\u00edtima de um c\u00e3ncer<\/figcaption><\/figure>\n<p style=\"text-align: justify;\">Sua vida na pol\u00edtica veio por influ\u00eancia do seu pai, Edval Calasans, popular Div\u00e1, prefeito de Ribeira do Pombal, eleito em 1976, e o primeiro da hist\u00f3ria de Banza\u00ea\/BA.<\/p>\n<p style=\"text-align: justify;\">Dad\u00e1 foi eleito vereador em 1988 e prefeito por duas vezes, 1996 e 2000, considerado a grande lideran\u00e7a pol\u00edtica do munic\u00edpio na d\u00e9cada de 90. Foi ainda candidato a deputado estadual em 2006 e a prefeito em outras duas ocasi\u00f5es, 1992 e 2008. (<em><strong>Texto Retirado do Gazeta do Mel<\/strong><\/em>)<\/p>\n<p style=\"text-align: justify;\"><a href=\"http:\/\/www.facebook.com.br\/pombalalerta\"><strong style=\"font-style: inherit;\">Curta nossa p\u00e1gina no facebook, e continue atualizado sobre tudo o que acontece em sua cidade!<\/strong><\/a><\/p>\n<p style=\"text-align: justify;\"><a href=\"https:\/\/play.google.com\/store\/apps\/details?id=com.globalstore.pombalalerta&amp;hl=pt_BR\"><strong style=\"font-style: inherit;\">Baixe o nosso aplicativo, e fique de olho na not\u00edcia!<\/strong><\/a><\/p>\n<p style=\"text-align: justify;\"><em style=\"font-weight: inherit;\">Reda\u00e7\u00e3o: Portal Alerta<\/em><\/p>\n","protected":false},"excerpt":{"rendered":"<p>Desde o an\u00fancio da morte do ex-prefeito de Ribeira do Pombal-BA, Edvaldo Cardoso Calasans (Dad\u00e1), fato ocorrido na manh\u00e3 de quinta-feira, 11, o clima do munic\u00edpio aos poucos se transformou num mix de tristeza e descren\u00e7a, pelo fato de um dos maiores l\u00edderes pol\u00edticos das \u00faltimas d\u00e9cadas ter sido \u201cderrotado\u201d pelo c\u00e2ncer.<\/p>\n","protected":false},"author":2,"featured_media":18186,"comment_status":"open","ping_status":"open","sticky":false,"template":"","format":"standard","meta":{"om_disable_all_campaigns":false,"_monsterinsights_skip_tracking":false,"_monsterinsights_sitenote_active":false,"_monsterinsights_sitenote_note":"","_monsterinsights_sitenote_category":0,"footnotes":""},"categories":[70,69,21,32,3],"tags":[2924,134,169,47,771],"class_list":["post-18184","post","type-post","status-publish","format-standard","has-post-thumbnail","hentry","category-destaques","category-noticias2","category-politica","category-regiao","category-ribeira-do-pombal","tag-dada","tag-ex-prefeito","tag-morte","tag-ribeira-do-pombal","tag-sepultamento"],"aioseo_notices":[],"_links":{"self":[{"href":"https:\/\/www.portalalerta.com.br\/index.php\/wp-json\/wp\/v2\/posts\/18184","targetHints":{"allow":["GET"]}}],"collection":[{"href":"https:\/\/www.portalalerta.com.br\/index.php\/wp-json\/wp\/v2\/posts"}],"about":[{"href":"https:\/\/www.portalalerta.com.br\/index.php\/wp-json\/wp\/v2\/types\/post"}],"author":[{"embeddable":true,"href":"https:\/\/www.portalalerta.com.br\/index.php\/wp-json\/wp\/v2\/users\/2"}],"replies":[{"embeddable":true,"href":"https:\/\/www.portalalerta.com.br\/index.php\/wp-json\/wp\/v2\/comments?post=18184"}],"version-history":[{"count":0,"href":"https:\/\/www.portalalerta.com.br\/index.php\/wp-json\/wp\/v2\/posts\/18184\/revisions"}],"wp:featuredmedia":[{"embeddable":true,"href":"https:\/\/www.portalalerta.com.br\/index.php\/wp-json\/wp\/v2\/media\/18186"}],"wp:attachment":[{"href":"https:\/\/www.portalalerta.com.br\/index.php\/wp-json\/wp\/v2\/media?parent=18184"}],"wp:term":[{"taxonomy":"category","embeddable":true,"href":"https:\/\/www.portalalerta.com.br\/index.php\/wp-json\/wp\/v2\/categories?post=18184"},{"taxonomy":"post_tag","embeddable":true,"href":"https:\/\/www.portalalerta.com.br\/index.php\/wp-json\/wp\/v2\/tags?post=18184"}],"curies":[{"name":"wp","href":"https:\/\/api.w.org\/{rel}","templated":true}]}}