{"id":18191,"date":"2019-07-13T08:14:50","date_gmt":"2019-07-13T11:14:50","guid":{"rendered":"http:\/\/www.portalalerta.com.br\/?p=18191"},"modified":"2019-07-13T08:14:50","modified_gmt":"2019-07-13T11:14:50","slug":"rui-costa-visita-coronel-joao-sa-apos-fortes-chuvas","status":"publish","type":"post","link":"https:\/\/www.portalalerta.com.br\/index.php\/2019\/07\/13\/rui-costa-visita-coronel-joao-sa-apos-fortes-chuvas\/","title":{"rendered":"Rui Costa visita Coronel Jo\u00e3o S\u00e1 ap\u00f3s fortes chuvas"},"content":{"rendered":"<p style=\"text-align: justify;\">O governador Rui Costa visitou o munic\u00edpio de <a href=\"http:\/\/www.portalalerta.com.br\/index.php\/2019\/07\/12\/coronel-joao-sa-tem-prejuizo-estimado-de-r-10-milhoes-com-rompimento-de-barragem\/\"><strong>Coronel Jo\u00e3o S\u00e1, que foi fortemente atingindo pela chuva que cai na regi\u00e3o<\/strong><\/a>, provocando a cheia do Rio do Peixe e grandes preju\u00edzos para a popula\u00e7\u00e3o local e tamb\u00e9m da cidade de Pedro Alexandre, na regi\u00e3o nordeste do estado. Acompanhado do secret\u00e1rio de infraestrutura do Estado, Marcus Cavalcanti, e do secret\u00e1rio de sa\u00fade, F\u00e1bio Vilas Boas, o governador visitou as ruas afetadas, conversou com o comandante-geral do Corpo de Bombeiros, Coronel Francisco Teles, e se reuniu com o prefeito de Coronel Jo\u00e3o S\u00e1, Carlos Sobral.<!--more--><\/p>\n<p style=\"text-align: justify;\"><img fetchpriority=\"high\" decoding=\"async\" class=\"size-full wp-image-2867 aligncenter\" src=\"http:\/\/www.portalalerta.com.br\/wp-content\/uploads\/2017\/11\/protege-1.jpg\" alt=\"\" width=\"600\" height=\"140\" \/>\u201cO que est\u00e1 acontecendo \u00e9 o colapso de muitos pequenos barramentos feitos em propriedades privadas, que v\u00e3o rompendo e formam um efeito cascata e uma onda de \u00e1gua. Nossa medida imediata foi trazer aqui o Corpo de Bombeiros, a Pol\u00edcia Militar, a Defesa Civil; trouxemos m\u00e1quinas e equipamentos para desobstruir bueiros, facilitar o deslocamento da popula\u00e7\u00e3o. Agora vamos monitorar os outros pequenos barramentos para que a eventual eleva\u00e7\u00e3o da \u00e1gua n\u00e3o comprometa a vida de ningu\u00e9m tomando, inclusive, medidas para a preven\u00e7\u00e3o da sa\u00fade das pessoas\u201d, declarou o governador durante a visita.<\/p>\n<p style=\"text-align: justify;\">De acordo com o prefeito Carlos Sobral, foi decretado estado de emerg\u00eancia na cidade, que j\u00e1 estava em estado de emerg\u00eancia por conta da estiagem. De acordo com o Corpo de Bombeiros, aproximadamente 500 fam\u00edlias desalojadas foram encaminhas para escolas e gin\u00e1sio de esportes.<\/p>\n<p style=\"text-align: justify;\">Ainda segundo Rui Costa, a prioridade do momento \u00e9 a preserva\u00e7\u00e3o de vidas humanas, e somente ap\u00f3s passadas as chuvas ser\u00e3o contabilizados os demais preju\u00edzos.<\/p>\n<p style=\"text-align: justify;\"><em>Fonte: Dimas Roque<\/em><\/p>\n","protected":false},"excerpt":{"rendered":"<p>O governador Rui Costa visitou o munic\u00edpio de Coronel Jo\u00e3o S\u00e1, que foi fortemente atingindo pela chuva que cai na regi\u00e3o, provocando a cheia do Rio do Peixe e grandes preju\u00edzos para a popula\u00e7\u00e3o local e tamb\u00e9m da cidade de Pedro Alexandre, na regi\u00e3o nordeste do estado. Acompanhado do secret\u00e1rio de infraestrutura do Estado, Marcus &hellip;<\/p>\n","protected":false},"author":2,"featured_media":18193,"comment_status":"open","ping_status":"open","sticky":false,"template":"","format":"standard","meta":{"om_disable_all_campaigns":false,"_monsterinsights_skip_tracking":false,"_monsterinsights_sitenote_active":false,"_monsterinsights_sitenote_note":"","_monsterinsights_sitenote_category":0,"footnotes":""},"categories":[33,70,69],"tags":[54,312,2134,282],"class_list":["post-18191","post","type-post","status-publish","format-standard","has-post-thumbnail","hentry","category-bahia","category-destaques","category-noticias2","tag-bahia","tag-coronel-joao-sa","tag-rompimento-de-barragem","tag-rui-costa"],"aioseo_notices":[],"_links":{"self":[{"href":"https:\/\/www.portalalerta.com.br\/index.php\/wp-json\/wp\/v2\/posts\/18191","targetHints":{"allow":["GET"]}}],"collection":[{"href":"https:\/\/www.portalalerta.com.br\/index.php\/wp-json\/wp\/v2\/posts"}],"about":[{"href":"https:\/\/www.portalalerta.com.br\/index.php\/wp-json\/wp\/v2\/types\/post"}],"author":[{"embeddable":true,"href":"https:\/\/www.portalalerta.com.br\/index.php\/wp-json\/wp\/v2\/users\/2"}],"replies":[{"embeddable":true,"href":"https:\/\/www.portalalerta.com.br\/index.php\/wp-json\/wp\/v2\/comments?post=18191"}],"version-history":[{"count":0,"href":"https:\/\/www.portalalerta.com.br\/index.php\/wp-json\/wp\/v2\/posts\/18191\/revisions"}],"wp:featuredmedia":[{"embeddable":true,"href":"https:\/\/www.portalalerta.com.br\/index.php\/wp-json\/wp\/v2\/media\/18193"}],"wp:attachment":[{"href":"https:\/\/www.portalalerta.com.br\/index.php\/wp-json\/wp\/v2\/media?parent=18191"}],"wp:term":[{"taxonomy":"category","embeddable":true,"href":"https:\/\/www.portalalerta.com.br\/index.php\/wp-json\/wp\/v2\/categories?post=18191"},{"taxonomy":"post_tag","embeddable":true,"href":"https:\/\/www.portalalerta.com.br\/index.php\/wp-json\/wp\/v2\/tags?post=18191"}],"curies":[{"name":"wp","href":"https:\/\/api.w.org\/{rel}","templated":true}]}}