{"id":18202,"date":"2019-07-15T14:11:04","date_gmt":"2019-07-15T17:11:04","guid":{"rendered":"http:\/\/www.portalalerta.com.br\/?p=18202"},"modified":"2019-07-15T14:11:04","modified_gmt":"2019-07-15T17:11:04","slug":"estudante-da-zona-rural-de-adustina-ba-representa-a-bahia-no-parlamento-juvenil-do-mercosul","status":"publish","type":"post","link":"https:\/\/www.portalalerta.com.br\/index.php\/2019\/07\/15\/estudante-da-zona-rural-de-adustina-ba-representa-a-bahia-no-parlamento-juvenil-do-mercosul\/","title":{"rendered":"Estudante da zona rural de Adustina-BA representa a Bahia no Parlamento Juvenil do Mercosul"},"content":{"rendered":"<p style=\"text-align: justify;\">O estudante Miqu\u00e9ias Nascimento Ara\u00fajo, 18 anos, 3\u00ba ano do Ensino M\u00e9dio, do\u00a0Col\u00e9gio Estadual Castro Alves, morador da zona rural de Adustina-BA, foi eleito para representar a Bahia, no bi\u00eanio 2018-2020 no\u00a0Parlamento Juvenil do Mercosul (PJM). O projeto, que garantiu a\u00a0Miqu\u00e9ias as elei\u00e7\u00f5es\u00a0PJM 2018, tem como tema \u201cInterven\u00e7\u00e3o colaborativa: preparando o jovem para\u00a0o mercado de trabalho\u201d. A finalidade \u00e9 enriquecer o curr\u00edculo escolar com\u00a0conhecimentos de empreendedorismo e marketing, para que os estudantes\u00a0tenham uma forma\u00e7\u00e3o abrangente e qualitativa que os prepare para o mundo do\u00a0trabalho e suas transforma\u00e7\u00f5es, abrindo caminho para lutar por\u00a0oportunidades.<!--more--><\/p>\n<p style=\"text-align: justify;\">Nesta segunda-feira (15), o estudante segue para Bras\u00edlia, para a cerim\u00f4nia\u00a0de posse, que ser\u00e1 realizada na quarta-feira (17). A pr\u00f3xima viagem, em\u00a0data ainda a ser definida, ser\u00e1 para a cidade de Montevid\u00e9u, no Uruguai,\u00a0onde est\u00e1 localizada a sede do PJM. \u201cEstou extremamente feliz com essa\u00a0oportunidade \u00edmpar para mim e para a minha escola. Espero poder vivenciar\u00a0da melhor forma a experi\u00eancia de conhecer e discutir com outros jovens, de\u00a0todo o pa\u00eds, que lutam pela melhoria na educa\u00e7\u00e3o. Acredito que este momento\u00a0ir\u00e1 contribuir com a amplia\u00e7\u00e3o dos meus conhecimentos e horizontes, obtendo\u00a0um maior engajamento na luta por uma educa\u00e7\u00e3o de qualidade no meu Estado\u201d,\u00a0revela o estudante.<\/p>\n<p style=\"text-align: justify;\"><strong><img fetchpriority=\"high\" decoding=\"async\" class=\"size-thumbnail wp-image-4869 aligncenter\" src=\"http:\/\/www.portalalerta.com.br\/wp-content\/uploads\/2018\/02\/Auto-Escola-Nobre-720x181.jpg\" alt=\"\" width=\"720\" height=\"181\" srcset=\"https:\/\/www.portalalerta.com.br\/wp-content\/uploads\/2018\/02\/Auto-Escola-Nobre.jpg 720w, https:\/\/www.portalalerta.com.br\/wp-content\/uploads\/2018\/02\/Auto-Escola-Nobre-260x65.jpg 260w, https:\/\/www.portalalerta.com.br\/wp-content\/uploads\/2018\/02\/Auto-Escola-Nobre-50x13.jpg 50w, https:\/\/www.portalalerta.com.br\/wp-content\/uploads\/2018\/02\/Auto-Escola-Nobre-150x38.jpg 150w\" sizes=\"(max-width: 720px) 100vw, 720px\" \/>Destaques da escola &#8211;<\/strong>\u00a0Miqu\u00e9ias conta que teve um grande incentivador para\u00a0a cria\u00e7\u00e3o do projeto e participa\u00e7\u00e3o na disputa pela vaga: o seu colega e\u00a0antecessor no PJM, Admilson dos Santos Baventura, que tamb\u00e9m estuda na\u00a0mesma unidade. \u201cAdmilson me inspirou e foi um grande incentivador para que\u00a0eu chegasse at\u00e9 aqui. Ele me explicou como fazer o projeto, tirou minhas\u00a0d\u00favidas e me fez sonhar grande contando suas experi\u00eancias nos Parlamentos\u00a0Jovem Brasileiro e Juvenil do Mercosul. E, agora, vamos incentivar outros\u00a0colegas a criar projetos de alcance social e defender nossa escola e a\u00a0educa\u00e7\u00e3o da Bahia\u201d, finaliza.<\/p>\n<p style=\"text-align: justify;\">A orientadora do projeto, Luciana Santiago, comemora a elei\u00e7\u00e3o de Miqu\u00e9ias.\u00a0\u201cFicamos muito felizes com a elei\u00e7\u00e3o dele. Essa elei\u00e7\u00e3o \u00e9 muito importante\u00a0para nossa escola, por ser uma unidade pequena e com alunos com grande\u00a0destaque, pois j\u00e1 tivemos outro estudante que participou do PJM e foi o\u00a0grande incentivador de Miqueias. Buscamos esta conquista, fizemos uma\u00a0grande mobiliza\u00e7\u00e3o para a vota\u00e7\u00e3o, pedimos ajuda dos diretores escolares da\u00a0regi\u00e3o e ao pessoal da regi\u00e3o e todos colaboraram e Miqu\u00e9ias \u00e9 nosso\u00a0representante\u201d, finaliza.<\/p>\n<p style=\"text-align: justify;\">*Sobre o PJM &#8211; *O Parlamento Juvenil do Mercosul (PJM) \u00e9 uma iniciativa do\u00a0Minist\u00e9rio da Educa\u00e7\u00e3o, por meio do Setor Educacional do Mercosul (SEM),\u00a0que proporciona aos jovens estudantes do Ensino M\u00e9dio da rede p\u00fablica dos\u00a0pa\u00edses membros e associados do bloco um espa\u00e7o de encontro e di\u00e1logo que\u00a0incentive o protagonismo juvenil para gera\u00e7\u00e3o de propostas sobre tem\u00e1ticas\u00a0de interesse comum. O PJM \u00e9 uma experi\u00eancia formativa para os jovens\u00a0envolvidos que, al\u00e9m de ampliar seus conhecimentos, vivenciam o\u00a0funcionamento das institui\u00e7\u00f5es democr\u00e1ticas e participam de debates\u00a0construtivos que lhes permitem fortalecer a capacidade para expressar suas\u00a0ideias, bem como desenvolver habilidades de reflex\u00e3o cr\u00edtica para\u00a0formula\u00e7\u00e3o de propostas que reflitam suas necessidades.<\/p>\n<p style=\"text-align: justify;\"><em>Fonte: SECOM\/ Bahia<\/em><\/p>\n","protected":false},"excerpt":{"rendered":"<p>O estudante Miqu\u00e9ias Nascimento Ara\u00fajo, 18 anos, 3\u00ba ano do Ensino M\u00e9dio, do\u00a0Col\u00e9gio Estadual Castro Alves, morador da zona rural de Adustina-BA, foi eleito para representar a Bahia, no bi\u00eanio 2018-2020 no\u00a0Parlamento Juvenil do Mercosul (PJM). O projeto, que garantiu a\u00a0Miqu\u00e9ias as elei\u00e7\u00f5es\u00a0PJM 2018, tem como tema \u201cInterven\u00e7\u00e3o colaborativa: preparando o jovem para\u00a0o mercado de &hellip;<\/p>\n","protected":false},"author":2,"featured_media":18204,"comment_status":"open","ping_status":"open","sticky":false,"template":"","format":"standard","meta":{"om_disable_all_campaigns":false,"_monsterinsights_skip_tracking":false,"_monsterinsights_sitenote_active":false,"_monsterinsights_sitenote_note":"","_monsterinsights_sitenote_category":0,"footnotes":""},"categories":[40,33,70,20,69,32],"tags":[100,195,2930,2928,2929,1275],"class_list":["post-18202","post","type-post","status-publish","format-standard","has-post-thumbnail","hentry","category-adustina","category-bahia","category-destaques","category-educacao","category-noticias2","category-regiao","tag-adustina","tag-estudante","tag-montevideu","tag-parlamento-juvenil-do-mercosul","tag-pjm","tag-uruguai"],"aioseo_notices":[],"_links":{"self":[{"href":"https:\/\/www.portalalerta.com.br\/index.php\/wp-json\/wp\/v2\/posts\/18202","targetHints":{"allow":["GET"]}}],"collection":[{"href":"https:\/\/www.portalalerta.com.br\/index.php\/wp-json\/wp\/v2\/posts"}],"about":[{"href":"https:\/\/www.portalalerta.com.br\/index.php\/wp-json\/wp\/v2\/types\/post"}],"author":[{"embeddable":true,"href":"https:\/\/www.portalalerta.com.br\/index.php\/wp-json\/wp\/v2\/users\/2"}],"replies":[{"embeddable":true,"href":"https:\/\/www.portalalerta.com.br\/index.php\/wp-json\/wp\/v2\/comments?post=18202"}],"version-history":[{"count":0,"href":"https:\/\/www.portalalerta.com.br\/index.php\/wp-json\/wp\/v2\/posts\/18202\/revisions"}],"wp:featuredmedia":[{"embeddable":true,"href":"https:\/\/www.portalalerta.com.br\/index.php\/wp-json\/wp\/v2\/media\/18204"}],"wp:attachment":[{"href":"https:\/\/www.portalalerta.com.br\/index.php\/wp-json\/wp\/v2\/media?parent=18202"}],"wp:term":[{"taxonomy":"category","embeddable":true,"href":"https:\/\/www.portalalerta.com.br\/index.php\/wp-json\/wp\/v2\/categories?post=18202"},{"taxonomy":"post_tag","embeddable":true,"href":"https:\/\/www.portalalerta.com.br\/index.php\/wp-json\/wp\/v2\/tags?post=18202"}],"curies":[{"name":"wp","href":"https:\/\/api.w.org\/{rel}","templated":true}]}}