{"id":18210,"date":"2019-07-15T20:54:38","date_gmt":"2019-07-15T23:54:38","guid":{"rendered":"http:\/\/www.portalalerta.com.br\/?p=18210"},"modified":"2019-07-15T20:54:38","modified_gmt":"2019-07-15T23:54:38","slug":"prefeito-de-euclides-da-cunha-ba-e-eleito-para-presidir-consorcio-de-saude-do-sisal","status":"publish","type":"post","link":"https:\/\/www.portalalerta.com.br\/index.php\/2019\/07\/15\/prefeito-de-euclides-da-cunha-ba-e-eleito-para-presidir-consorcio-de-saude-do-sisal\/","title":{"rendered":"Prefeito de Euclides da Cunha-BA \u00e9 eleito para presidir Cons\u00f3rcio de Sa\u00fade do Sisal"},"content":{"rendered":"<p style=\"text-align: justify;\">O prefeito Luciano Pinheiro foi eleito na \u00faltima quinta-feira, 11 de julho, presidente do Cons\u00f3rcio P\u00fablico Interfederativo de Sa\u00fade do Sisal.<!--more--><\/p>\n<p style=\"text-align: justify;\">Na Bahia, os cons\u00f3rcios consistem na jun\u00e7\u00e3o de munic\u00edpios por Regi\u00f5es de Sa\u00fade do estado, para unir esfor\u00e7os e dividir os custos com a assist\u00eancia \u00e0 Sa\u00fade de seus habitantes. Esse modelo de gest\u00e3o visa ampliar a assist\u00eancia de sa\u00fade da m\u00e9dia e alta complexidade nos munic\u00edpios baianos.<\/p>\n<p style=\"text-align: justify;\"><img fetchpriority=\"high\" decoding=\"async\" class=\"size-full wp-image-2902 alignleft\" src=\"http:\/\/www.portalalerta.com.br\/wp-content\/uploads\/2017\/11\/elab-2.jpg\" alt=\"\" width=\"310\" height=\"200\" srcset=\"https:\/\/www.portalalerta.com.br\/wp-content\/uploads\/2017\/11\/elab-2.jpg 310w, https:\/\/www.portalalerta.com.br\/wp-content\/uploads\/2017\/11\/elab-2-226x146.jpg 226w, https:\/\/www.portalalerta.com.br\/wp-content\/uploads\/2017\/11\/elab-2-50x32.jpg 50w, https:\/\/www.portalalerta.com.br\/wp-content\/uploads\/2017\/11\/elab-2-116x75.jpg 116w\" sizes=\"(max-width: 310px) 100vw, 310px\" \/>O Cons\u00f3rcio do territ\u00f3rio do Sisal, que engloba 15 munic\u00edpios e aproximadamente 600 mil habitantes, ser\u00e1 respons\u00e1vel, por exemplo, por gerir a Policl\u00ednica que ser\u00e1 constru\u00edda em Serrinha e atender\u00e1, tamb\u00e9m, a popula\u00e7\u00e3o de Euclides da Cunha.<\/p>\n<p style=\"text-align: justify;\">Em entrevista ao programa institucional da Prefeitura de Euclides da Cunha logo ap\u00f3s o resultado da elei\u00e7\u00e3o, o prefeito agradeceu aos demais gestores pela confian\u00e7a e ao governador Rui Costa. \u201cVamos buscar novos investimentos, como emendas, para desenvolver o territ\u00f3rio, fazer uma excelente gest\u00e3o. Tenho certeza que o cons\u00f3rcio vai alavancar ainda mais os \u00edndices de sa\u00fade da regi\u00e3o\u201d, disse.<\/p>\n<p style=\"text-align: justify;\">Ainda segundo o gestor, a escolha do seu nome ocorreu pela forma como a sa\u00fade de Euclides da Cunha vem sendo conduzida nos \u00faltimos dois anos e meio e se tornado refer\u00eancia em toda a regi\u00e3o.<\/p>\n<p style=\"text-align: justify;\"><em>Fonte: R\u00e1dio Povo<\/em><\/p>\n<p style=\"text-align: justify;\"><em>Com informa\u00e7\u00f5es: euclidesdacunha.com<\/em><\/p>\n","protected":false},"excerpt":{"rendered":"<p>O prefeito Luciano Pinheiro foi eleito na \u00faltima quinta-feira, 11 de julho, presidente do Cons\u00f3rcio P\u00fablico Interfederativo de Sa\u00fade do Sisal.<\/p>\n","protected":false},"author":2,"featured_media":18211,"comment_status":"open","ping_status":"open","sticky":false,"template":"","format":"standard","meta":{"om_disable_all_campaigns":false,"_monsterinsights_skip_tracking":false,"_monsterinsights_sitenote_active":false,"_monsterinsights_sitenote_note":"","_monsterinsights_sitenote_category":0,"footnotes":""},"categories":[33,70,17,69,21,32,19],"tags":[2931,129,981,198,2932],"class_list":["post-18210","post","type-post","status-publish","format-standard","has-post-thumbnail","hentry","category-bahia","category-destaques","category-euclides-da-cunha","category-noticias2","category-politica","category-regiao","category-saude","tag-consorcio-de-saude","tag-euclides-da-cunha","tag-luciano-pinheiro","tag-prefeito","tag-sisal"],"aioseo_notices":[],"_links":{"self":[{"href":"https:\/\/www.portalalerta.com.br\/index.php\/wp-json\/wp\/v2\/posts\/18210","targetHints":{"allow":["GET"]}}],"collection":[{"href":"https:\/\/www.portalalerta.com.br\/index.php\/wp-json\/wp\/v2\/posts"}],"about":[{"href":"https:\/\/www.portalalerta.com.br\/index.php\/wp-json\/wp\/v2\/types\/post"}],"author":[{"embeddable":true,"href":"https:\/\/www.portalalerta.com.br\/index.php\/wp-json\/wp\/v2\/users\/2"}],"replies":[{"embeddable":true,"href":"https:\/\/www.portalalerta.com.br\/index.php\/wp-json\/wp\/v2\/comments?post=18210"}],"version-history":[{"count":0,"href":"https:\/\/www.portalalerta.com.br\/index.php\/wp-json\/wp\/v2\/posts\/18210\/revisions"}],"wp:featuredmedia":[{"embeddable":true,"href":"https:\/\/www.portalalerta.com.br\/index.php\/wp-json\/wp\/v2\/media\/18211"}],"wp:attachment":[{"href":"https:\/\/www.portalalerta.com.br\/index.php\/wp-json\/wp\/v2\/media?parent=18210"}],"wp:term":[{"taxonomy":"category","embeddable":true,"href":"https:\/\/www.portalalerta.com.br\/index.php\/wp-json\/wp\/v2\/categories?post=18210"},{"taxonomy":"post_tag","embeddable":true,"href":"https:\/\/www.portalalerta.com.br\/index.php\/wp-json\/wp\/v2\/tags?post=18210"}],"curies":[{"name":"wp","href":"https:\/\/api.w.org\/{rel}","templated":true}]}}