{"id":18217,"date":"2019-07-15T23:26:20","date_gmt":"2019-07-16T02:26:20","guid":{"rendered":"http:\/\/www.portalalerta.com.br\/?p=18217"},"modified":"2019-07-15T23:26:20","modified_gmt":"2019-07-16T02:26:20","slug":"vagas-para-concurso-publico-em-ribeira-do-pombal-ba","status":"publish","type":"post","link":"https:\/\/www.portalalerta.com.br\/index.php\/2019\/07\/15\/vagas-para-concurso-publico-em-ribeira-do-pombal-ba\/","title":{"rendered":"Vagas para Concurso P\u00fablico em Ribeira do Pombal-BA"},"content":{"rendered":"<p style=\"text-align: justify;\">O Prefeito de Ribeira do Pombal-BA, Ricardo Maia, encaminhou na segunda-feira, 15 de julho 2019, Projeto de Lei \u00e0 C\u00e2mara de Vereadores para a cria\u00e7\u00e3o de cargos no \u00e2mbito da administra\u00e7\u00e3o p\u00fablica municipal para posterior realiza\u00e7\u00e3o concurso, ap\u00f3s aprova\u00e7\u00e3o pelo legislativo.\u00a0<!--more--><\/p>\n<p style=\"text-align: justify;\"><img fetchpriority=\"high\" decoding=\"async\" class=\"size-thumbnail wp-image-4869 aligncenter\" src=\"http:\/\/www.portalalerta.com.br\/wp-content\/uploads\/2018\/02\/Auto-Escola-Nobre-720x181.jpg\" alt=\"\" width=\"720\" height=\"181\" srcset=\"https:\/\/www.portalalerta.com.br\/wp-content\/uploads\/2018\/02\/Auto-Escola-Nobre.jpg 720w, https:\/\/www.portalalerta.com.br\/wp-content\/uploads\/2018\/02\/Auto-Escola-Nobre-260x65.jpg 260w, https:\/\/www.portalalerta.com.br\/wp-content\/uploads\/2018\/02\/Auto-Escola-Nobre-50x13.jpg 50w, https:\/\/www.portalalerta.com.br\/wp-content\/uploads\/2018\/02\/Auto-Escola-Nobre-150x38.jpg 150w\" sizes=\"(max-width: 720px) 100vw, 720px\" \/>S\u00e3o os seguintes cargos, com suas respectivas vagas: Odont\u00f3logo, 01; T\u00e9cnico em Enfermagem, 14; Professores de Matem\u00e1tica, 07; Portugu\u00eas, 05; Historia, 03; Geografia, 02; Ci\u00eancia, 02; Ingl\u00eas, 03; Psic\u00f3logo, 01; Assistente Social, 03; Auditor Fiscal, 01; Auxiliar de Servi\u00e7os Educacionais, 40; Assistente de Recursos Humanos, 01; Coordenador Pedag\u00f3gico, 10; Educador F\u00edsico, 02; Farmac\u00eautico\/Bioqu\u00edmico, 01; Fiscal do Meio Ambiente, 01; Fiscal de Postura, 04, Engenheiro, 01; Fisioterapeuta, 01; Medico PSF, 10, Nutricionista, 01.<\/p>\n<p style=\"text-align: justify;\"><em>Fonte: Joilson Costa<\/em><\/p>\n","protected":false},"excerpt":{"rendered":"<p>O Prefeito de Ribeira do Pombal-BA, Ricardo Maia, encaminhou na segunda-feira, 15 de julho 2019, Projeto de Lei \u00e0 C\u00e2mara de Vereadores para a cria\u00e7\u00e3o de cargos no \u00e2mbito da administra\u00e7\u00e3o p\u00fablica municipal para posterior realiza\u00e7\u00e3o concurso, ap\u00f3s aprova\u00e7\u00e3o pelo legislativo.\u00a0<\/p>\n","protected":false},"author":2,"featured_media":6809,"comment_status":"open","ping_status":"open","sticky":false,"template":"","format":"standard","meta":{"om_disable_all_campaigns":false,"_monsterinsights_skip_tracking":false,"_monsterinsights_sitenote_active":false,"_monsterinsights_sitenote_note":"","_monsterinsights_sitenote_category":0,"footnotes":""},"categories":[70,69,21,32,3],"tags":[211,257,198,731,47,146,135],"class_list":["post-18217","post","type-post","status-publish","format-standard","has-post-thumbnail","hentry","category-destaques","category-noticias2","category-politica","category-regiao","category-ribeira-do-pombal","tag-camara-de-vereadores","tag-concurso","tag-prefeito","tag-projeto-de-lei","tag-ribeira-do-pombal","tag-ricardo-maia","tag-vereadores"],"aioseo_notices":[],"_links":{"self":[{"href":"https:\/\/www.portalalerta.com.br\/index.php\/wp-json\/wp\/v2\/posts\/18217","targetHints":{"allow":["GET"]}}],"collection":[{"href":"https:\/\/www.portalalerta.com.br\/index.php\/wp-json\/wp\/v2\/posts"}],"about":[{"href":"https:\/\/www.portalalerta.com.br\/index.php\/wp-json\/wp\/v2\/types\/post"}],"author":[{"embeddable":true,"href":"https:\/\/www.portalalerta.com.br\/index.php\/wp-json\/wp\/v2\/users\/2"}],"replies":[{"embeddable":true,"href":"https:\/\/www.portalalerta.com.br\/index.php\/wp-json\/wp\/v2\/comments?post=18217"}],"version-history":[{"count":0,"href":"https:\/\/www.portalalerta.com.br\/index.php\/wp-json\/wp\/v2\/posts\/18217\/revisions"}],"wp:featuredmedia":[{"embeddable":true,"href":"https:\/\/www.portalalerta.com.br\/index.php\/wp-json\/wp\/v2\/media\/6809"}],"wp:attachment":[{"href":"https:\/\/www.portalalerta.com.br\/index.php\/wp-json\/wp\/v2\/media?parent=18217"}],"wp:term":[{"taxonomy":"category","embeddable":true,"href":"https:\/\/www.portalalerta.com.br\/index.php\/wp-json\/wp\/v2\/categories?post=18217"},{"taxonomy":"post_tag","embeddable":true,"href":"https:\/\/www.portalalerta.com.br\/index.php\/wp-json\/wp\/v2\/tags?post=18217"}],"curies":[{"name":"wp","href":"https:\/\/api.w.org\/{rel}","templated":true}]}}