{"id":18220,"date":"2019-07-16T06:38:03","date_gmt":"2019-07-16T09:38:03","guid":{"rendered":"http:\/\/www.portalalerta.com.br\/?p=18220"},"modified":"2019-07-16T06:38:03","modified_gmt":"2019-07-16T09:38:03","slug":"vaza-jato-moro-combinou-reuniao-com-deltan-e-pf-para-coordenar-futuro-da-operacao","status":"publish","type":"post","link":"https:\/\/www.portalalerta.com.br\/index.php\/2019\/07\/16\/vaza-jato-moro-combinou-reuniao-com-deltan-e-pf-para-coordenar-futuro-da-operacao\/","title":{"rendered":"Vaza Jato: Moro combinou reuni\u00e3o com Deltan e PF para coordenar futuro da opera\u00e7\u00e3o"},"content":{"rendered":"<p style=\"text-align: justify;\">Mais um di\u00e1logo entre o ministro da Justi\u00e7a S\u00e9rgio Moro, que atuou como juiz da Opera\u00e7\u00e3o Lava Jato pela 13\u00aa Vara Federal de Curitiba, e o procurador da Lava Jato, Deltan Dallagnol, foi publicado na noite desta segunda-feira (15), pelo jornalista Reinaldo Azevedo em parceria com o The Intercept Brasil.<!--more--><\/p>\n<p style=\"text-align: justify;\">A conversa come\u00e7a com Dallagnol enviando uma mensagem ao ent\u00e3o juiz para marcar uma reuni\u00e3o com a presen\u00e7a de representante(s) da Pol\u00edcia Federal. Na oportunidade, o assunto tratado seria o futuro da opera\u00e7\u00e3o:<\/p>\n<p style=\"text-align: justify;\"><strong><img fetchpriority=\"high\" decoding=\"async\" class=\"size-full wp-image-2867 aligncenter\" src=\"http:\/\/www.portalalerta.com.br\/wp-content\/uploads\/2017\/11\/protege-1.jpg\" alt=\"\" width=\"600\" height=\"140\" \/>Segue o di\u00e1logo, transcrito conforme o original:<\/strong><\/p>\n<p style=\"text-align: justify;\"><strong>00:41:04 Deltan \u2013<\/strong> Caro, quando seria um bom dia e hora para reuni\u00e3o com a PF, a\u00ed, sobre aquela quest\u00e3o das prioridades? Sua presen\u00e7a daria uma for\u00e7a moral nessa quest\u00e3o da necessidade de prioriza\u00e7\u00e3o e evitaria parecerr que o MPF quer impor agenda.<br \/>\n<strong>12:18:30 \u2013<\/strong> Sem tempo para reuni\u00f5es nesta ou na pr\u00f3xima semana<\/p>\n<p style=\"text-align: justify;\">Moro estava muito ocupado. Pelo visto, n\u00e3o foi poss\u00edvel marcar o encontro. Mas Deltan volta \u00e0 carga no dia 16 de outubro do mesmo ano:<br \/>\n<strong>23:53:00 Deltan \u2013<\/strong> Caro juiz, seria poss\u00edvel reuni\u00e3o no final de segunda para tratarmos de novas fases, inclusive capacidade operacional e data considerando recesso? Incluiria PF tamb\u00e9m.<\/p>\n<p style=\"text-align: justify;\"><span style=\"text-decoration: underline;\"><strong>17 de Outubro de 2015<\/strong><\/span><br \/>\n<strong>08:41:56 Moro \u2013<\/strong> Penso que seria oportuno. Mas segunda sera um dia dif\u00edcil. Terca seria ideal.<br \/>\n<strong>10:53:00 Moro \u2013<\/strong> A n\u00e3o ser que seja segunda pela manh\u00e3<br \/>\n<strong>22:43:54 Deltan \u2013<\/strong> Ter\u00e7a 9am, pode ser?<br \/>\n<strong>22:44:00 Deltan \u2013<\/strong> Ou 10?<\/p>\n<p style=\"text-align: justify;\"><span style=\"text-decoration: underline;\"><strong>18 de outubro de 2015<\/strong><\/span><br \/>\n<strong>03:02:28 Moro \u2013<\/strong> 1030<\/p>\n<p style=\"text-align: justify;\"><span style=\"text-decoration: underline;\"><strong>19 de outubro de 2015<\/strong><\/span><br \/>\n<strong>11:41:24 Moro \u2013<\/strong> Marcado ent\u00e3o? Decretei nova pris\u00e3o de tres do Odebrecht, tentando n\u00e3o pisar em ovos. Receio alguma rea\u00e7\u00e3o negativa do stf. Convem talvez vcs avisarem pgr.<br \/>\n<strong>13:13:44 Deltan \u2013<\/strong> Marcado. Shou.<\/p>\n<p style=\"text-align: justify;\"><em>Fonte: metro1<\/em><\/p>\n","protected":false},"excerpt":{"rendered":"<p>Mais um di\u00e1logo entre o ministro da Justi\u00e7a S\u00e9rgio Moro, que atuou como juiz da Opera\u00e7\u00e3o Lava Jato pela 13\u00aa Vara Federal de Curitiba, e o procurador da Lava Jato, Deltan Dallagnol, foi publicado na noite desta segunda-feira (15), pelo jornalista Reinaldo Azevedo em parceria com o The Intercept Brasil.<\/p>\n","protected":false},"author":2,"featured_media":17583,"comment_status":"open","ping_status":"open","sticky":false,"template":"","format":"standard","meta":{"om_disable_all_campaigns":false,"_monsterinsights_skip_tracking":false,"_monsterinsights_sitenote_active":false,"_monsterinsights_sitenote_note":"","_monsterinsights_sitenote_category":0,"footnotes":""},"categories":[34,70,69,21],"tags":[93,1599,733,247,443,2878,2837],"class_list":["post-18220","post","type-post","status-publish","format-standard","has-post-thumbnail","hentry","category-brasil","category-destaques","category-noticias2","category-politica","tag-brasil","tag-deltan-dallagnol","tag-dialogo","tag-lava-jato","tag-sergio-moro","tag-vaza-jato","tag-vazamento"],"aioseo_notices":[],"_links":{"self":[{"href":"https:\/\/www.portalalerta.com.br\/index.php\/wp-json\/wp\/v2\/posts\/18220","targetHints":{"allow":["GET"]}}],"collection":[{"href":"https:\/\/www.portalalerta.com.br\/index.php\/wp-json\/wp\/v2\/posts"}],"about":[{"href":"https:\/\/www.portalalerta.com.br\/index.php\/wp-json\/wp\/v2\/types\/post"}],"author":[{"embeddable":true,"href":"https:\/\/www.portalalerta.com.br\/index.php\/wp-json\/wp\/v2\/users\/2"}],"replies":[{"embeddable":true,"href":"https:\/\/www.portalalerta.com.br\/index.php\/wp-json\/wp\/v2\/comments?post=18220"}],"version-history":[{"count":0,"href":"https:\/\/www.portalalerta.com.br\/index.php\/wp-json\/wp\/v2\/posts\/18220\/revisions"}],"wp:featuredmedia":[{"embeddable":true,"href":"https:\/\/www.portalalerta.com.br\/index.php\/wp-json\/wp\/v2\/media\/17583"}],"wp:attachment":[{"href":"https:\/\/www.portalalerta.com.br\/index.php\/wp-json\/wp\/v2\/media?parent=18220"}],"wp:term":[{"taxonomy":"category","embeddable":true,"href":"https:\/\/www.portalalerta.com.br\/index.php\/wp-json\/wp\/v2\/categories?post=18220"},{"taxonomy":"post_tag","embeddable":true,"href":"https:\/\/www.portalalerta.com.br\/index.php\/wp-json\/wp\/v2\/tags?post=18220"}],"curies":[{"name":"wp","href":"https:\/\/api.w.org\/{rel}","templated":true}]}}