{"id":18222,"date":"2019-07-16T06:38:44","date_gmt":"2019-07-16T09:38:44","guid":{"rendered":"http:\/\/www.portalalerta.com.br\/?p=18222"},"modified":"2019-07-16T06:38:44","modified_gmt":"2019-07-16T09:38:44","slug":"brumadinho-vale-e-mpt-firmam-acordo-por-acidente-de-trabalho","status":"publish","type":"post","link":"https:\/\/www.portalalerta.com.br\/index.php\/2019\/07\/16\/brumadinho-vale-e-mpt-firmam-acordo-por-acidente-de-trabalho\/","title":{"rendered":"Brumadinho: Vale e MPT firmam acordo por acidente de trabalho"},"content":{"rendered":"<p style=\"text-align: justify;\">C\u00f4njuge, filhos e pais v\u00e3o receber R$ 700 mil e irm\u00e3os t\u00eam direito a R$ 150 mil; acordo prev\u00ea pagamento de dano coletivo e estabilidade para sobrevivente<!--more--><\/p>\n<p style=\"text-align: justify;\">M\u00e3e, pai, filhos, c\u00f4njuge ou companheiro de v\u00edtima do rompimento da barragem de Brumadinho v\u00e3o receber R$ 700 mil cada e irm\u00e3os de trabalhadores falecidos ter\u00e3o direito a\u00a0indeniza\u00e7\u00e3o\u00a0de R$ 150 mil.<\/p>\n<p style=\"text-align: justify;\">Os valores foram fechados em acordo firmado entre o\u00a0MPT\u00a0(Minist\u00e9rio P\u00fablico do Trabalho) e a\u00a0Vale\u00a0nesta segunda-feira (15).<\/p>\n<p style=\"text-align: justify;\">Segundo o MPT, dos R$ 700 mil, R$ 500 mil s\u00e3o referentes a indeniza\u00e7\u00e3o por danos morais e os R$ 200 mil a t\u00edtulo de seguro adicional por acidente de trabalho. No caso dos irm\u00e3os, o valor se refere a dano moral.<\/p>\n<p style=\"text-align: justify;\">O acordo tamb\u00e9m prev\u00ea indeniza\u00e7\u00e3o por danos materiais, para restaurar a renda mensal das fam\u00edlias dos trabalhadores falecidos. Para isso, o dependente ter\u00e1 direito a receber uma pens\u00e3o mensal vital\u00edcia at\u00e9 os 75 anos, que \u00e9 a expectativa de vida do brasileiro, de acordo com o IBGE.<\/p>\n<p style=\"text-align: justify;\">No entanto, o valor m\u00ednimo que os dependentes ter\u00e3o direito \u00e9 de R$ 800 mil, mesmo que a renda do trabalhador n\u00e3o somasse esse valor se ele tivesse completado os 75 anos de idade. Os interessados podem solicitar o pagamento antecipado da indeniza\u00e7\u00e3o, em parcela \u00fanica, desde que aplicado o des\u00e1gio de 6% ao ano, segundo o MPT.<\/p>\n<p style=\"text-align: justify;\">O acordo entre o Minist\u00e9rio P\u00fablico do Trabalho e a Vale ainda prev\u00ea o pagamento de R$ 400 milh\u00f5es, no dia 6 de agosto, como dano moral coletivo.<\/p>\n<p style=\"text-align: justify;\"><strong><img fetchpriority=\"high\" decoding=\"async\" class=\"size-thumbnail wp-image-15254 aligncenter\" src=\"http:\/\/www.portalalerta.com.br\/wp-content\/uploads\/2019\/03\/Real-Estilo-e-Voc\u00ea-633x240.jpeg\" alt=\"\" width=\"633\" height=\"240\" srcset=\"https:\/\/www.portalalerta.com.br\/wp-content\/uploads\/2019\/03\/Real-Estilo-e-Voc\u00ea-633x240.jpeg 633w, https:\/\/www.portalalerta.com.br\/wp-content\/uploads\/2019\/03\/Real-Estilo-e-Voc\u00ea-260x99.jpeg 260w, https:\/\/www.portalalerta.com.br\/wp-content\/uploads\/2019\/03\/Real-Estilo-e-Voc\u00ea-50x19.jpeg 50w, https:\/\/www.portalalerta.com.br\/wp-content\/uploads\/2019\/03\/Real-Estilo-e-Voc\u00ea-150x57.jpeg 150w, https:\/\/www.portalalerta.com.br\/wp-content\/uploads\/2019\/03\/Real-Estilo-e-Voc\u00ea.jpeg 720w\" sizes=\"(max-width: 633px) 100vw, 633px\" \/>Sobreviventes<\/strong><\/p>\n<p style=\"text-align: justify;\">Os empregados pr\u00f3prios da Vale e terceirizados que estavam trabalhando na mina C\u00f3rrego do Feij\u00e3o no dia do desastre e sobreviveram ter\u00e3o direito a estabilidade de tr\u00eas anos no emprego, aux\u00edlio-creche no valor de R$ 920 para filhos com at\u00e9 tr\u00eas anos de idade e aux\u00edlio educa\u00e7\u00e3o de R$ 998 para filhos com at\u00e9 25 anos de idade.<\/p>\n<p style=\"text-align: justify;\">Eles ainda ter\u00e3o direito a uso vital\u00edcio e sem coparticipa\u00e7\u00e3o para c\u00f4njuge e filhos com at\u00e9 25 ano do plano de sa\u00fade que vigorava at\u00e9 a data do rompimento da barragem.<\/p>\n<p style=\"text-align: justify;\">Para pais e m\u00e3es de falecidos, o acordo contempla atendimento m\u00e9dico, psicol\u00f3gico, psiqui\u00e1trico p\u00f3s-traum\u00e1tico na rede credenciada at\u00e9 a respectiva alta m\u00e9dica.<\/p>\n<p style=\"text-align: justify;\">De acordo com o MPT, o acordo &#8220;\u00e9 fruto de di\u00e1logo direto e permanente com as fam\u00edlias atingidas&#8221;, em assembleias realizadas na C\u00e2mara Municipal de Brumadinho.<\/p>\n<p style=\"text-align: justify;\"><em>Fonte: R7<\/em><\/p>\n","protected":false},"excerpt":{"rendered":"<p>C\u00f4njuge, filhos e pais v\u00e3o receber R$ 700 mil e irm\u00e3os t\u00eam direito a R$ 150 mil; acordo prev\u00ea pagamento de dano coletivo e estabilidade para sobrevivente<\/p>\n","protected":false},"author":2,"featured_media":18223,"comment_status":"open","ping_status":"open","sticky":false,"template":"","format":"standard","meta":{"om_disable_all_campaigns":false,"_monsterinsights_skip_tracking":false,"_monsterinsights_sitenote_active":false,"_monsterinsights_sitenote_note":"","_monsterinsights_sitenote_category":0,"footnotes":""},"categories":[34,70,69],"tags":[93,2127,1438,357,884,2134,2613],"class_list":["post-18222","post","type-post","status-publish","format-standard","has-post-thumbnail","hentry","category-brasil","category-destaques","category-noticias2","tag-brasil","tag-brumadinho","tag-indenizacao","tag-minas-gerais","tag-mpt","tag-rompimento-de-barragem","tag-vitimas"],"aioseo_notices":[],"_links":{"self":[{"href":"https:\/\/www.portalalerta.com.br\/index.php\/wp-json\/wp\/v2\/posts\/18222","targetHints":{"allow":["GET"]}}],"collection":[{"href":"https:\/\/www.portalalerta.com.br\/index.php\/wp-json\/wp\/v2\/posts"}],"about":[{"href":"https:\/\/www.portalalerta.com.br\/index.php\/wp-json\/wp\/v2\/types\/post"}],"author":[{"embeddable":true,"href":"https:\/\/www.portalalerta.com.br\/index.php\/wp-json\/wp\/v2\/users\/2"}],"replies":[{"embeddable":true,"href":"https:\/\/www.portalalerta.com.br\/index.php\/wp-json\/wp\/v2\/comments?post=18222"}],"version-history":[{"count":0,"href":"https:\/\/www.portalalerta.com.br\/index.php\/wp-json\/wp\/v2\/posts\/18222\/revisions"}],"wp:featuredmedia":[{"embeddable":true,"href":"https:\/\/www.portalalerta.com.br\/index.php\/wp-json\/wp\/v2\/media\/18223"}],"wp:attachment":[{"href":"https:\/\/www.portalalerta.com.br\/index.php\/wp-json\/wp\/v2\/media?parent=18222"}],"wp:term":[{"taxonomy":"category","embeddable":true,"href":"https:\/\/www.portalalerta.com.br\/index.php\/wp-json\/wp\/v2\/categories?post=18222"},{"taxonomy":"post_tag","embeddable":true,"href":"https:\/\/www.portalalerta.com.br\/index.php\/wp-json\/wp\/v2\/tags?post=18222"}],"curies":[{"name":"wp","href":"https:\/\/api.w.org\/{rel}","templated":true}]}}