{"id":18231,"date":"2019-07-16T12:40:46","date_gmt":"2019-07-16T15:40:46","guid":{"rendered":"http:\/\/www.portalalerta.com.br\/?p=18231"},"modified":"2019-07-16T12:40:46","modified_gmt":"2019-07-16T15:40:46","slug":"criminoso-e-menor-infrator-sao-capturados-apos-cometerem-roubo-em-cicero-dantas-ba","status":"publish","type":"post","link":"https:\/\/www.portalalerta.com.br\/index.php\/2019\/07\/16\/criminoso-e-menor-infrator-sao-capturados-apos-cometerem-roubo-em-cicero-dantas-ba\/","title":{"rendered":"Criminoso e menor infrator s\u00e3o capturados ap\u00f3s cometerem roubo em C\u00edcero Dantas-BA"},"content":{"rendered":"<p style=\"text-align: justify;\">Por volta das 16:30hs do \u00faltimo s\u00e1bado, 13, duas mulheres que se encontravam num sal\u00e3o de beleza, situado na Rua Ben\u00edcio Tomaz, centro de C\u00edcero Dantas-BA, foram v\u00edtimas de um assalto.<!--more--><\/p>\n<p style=\"text-align: justify;\">Na ocasi\u00e3o, a dupla entrou no estabelecimento, onde passaram a amea\u00e7ar as v\u00edtimas com o que se imaginava ser uma arma de fogo. Foram subtra\u00eddos 03 aparelhos celulares, bem como uma motocicleta Honda Biz de cor preta, demais dados n\u00e3o informados.<\/p>\n<p style=\"text-align: justify;\"><img fetchpriority=\"high\" decoding=\"async\" class=\"size-full wp-image-2867 aligncenter\" src=\"http:\/\/www.portalalerta.com.br\/wp-content\/uploads\/2017\/11\/protege-1.jpg\" alt=\"\" width=\"600\" height=\"140\" \/>O crime foi informado \u00e0 Pol\u00edcia Militar local, que imediatamente se dirigiu para o local. As v\u00edtimas relataram que a dupla teria fugido sentido a BR 110. Com base nas informa\u00e7\u00f5es, os militares seguiram para uma poss\u00edvel rota de fuga, encontrando a dupla, que ao receber ordem de parada, passou a fugir por uma estrada vicinal. O passageiro da motocicleta se desequilibrou e caiu, sendo alcan\u00e7ado pelos policiais, tendo sob a sua posse os tr\u00eas aparelhos celulares roubados, bem como um simulacro de arma de fogo utilizado para o cometimento do ato infracional. O mesmo foi identificado pelas iniciais G.R.S, 16 anos.<\/p>\n<p style=\"text-align: justify;\">Em continuidade \u00e0s dilig\u00eancias, os militares encontraram a motocicleta roubada, abandonada, por\u00e9m o criminoso fugiu por um matagal. Em outro momento, ap\u00f3s receberem uma den\u00fancia an\u00f4nima, os policiais seguiram para o entroncamento de Heli\u00f3polis-BA, onde prenderam o malfeitor, identificado apenas pelas iniciais S.J.S, 18 anos.<\/p>\n<figure id=\"attachment_18232\" aria-describedby=\"caption-attachment-18232\" style=\"width: 720px\" class=\"wp-caption aligncenter\"><img decoding=\"async\" class=\"wp-image-18232 size-full\" src=\"http:\/\/www.portalalerta.com.br\/wp-content\/uploads\/2019\/07\/ve\u00edculo-recuperado-em-C\u00edcero-Dantas-2019.2.jpeg\" alt=\"\" width=\"720\" height=\"540\" srcset=\"https:\/\/www.portalalerta.com.br\/wp-content\/uploads\/2019\/07\/ve\u00edculo-recuperado-em-C\u00edcero-Dantas-2019.2.jpeg 720w, https:\/\/www.portalalerta.com.br\/wp-content\/uploads\/2019\/07\/ve\u00edculo-recuperado-em-C\u00edcero-Dantas-2019.2-320x240.jpeg 320w, https:\/\/www.portalalerta.com.br\/wp-content\/uploads\/2019\/07\/ve\u00edculo-recuperado-em-C\u00edcero-Dantas-2019.2-195x146.jpeg 195w, https:\/\/www.portalalerta.com.br\/wp-content\/uploads\/2019\/07\/ve\u00edculo-recuperado-em-C\u00edcero-Dantas-2019.2-50x38.jpeg 50w, https:\/\/www.portalalerta.com.br\/wp-content\/uploads\/2019\/07\/ve\u00edculo-recuperado-em-C\u00edcero-Dantas-2019.2-100x75.jpeg 100w\" sizes=\"(max-width: 720px) 100vw, 720px\" \/><figcaption id=\"caption-attachment-18232\" class=\"wp-caption-text\">Ve\u00edculo roubado, foi recuperado ap\u00f3s o criminoso abandon\u00e1-lo<\/figcaption><\/figure>\n<p style=\"text-align: justify;\">O criminoso, bem como o menor infrator, foram conduzidos para a Delegacia de Pol\u00edcia Civil de Ribeira do Pombal-BA, onde foram apresentados em flagrante juntamente com os aparelhos celulares recuperados e o simulacro de arma de fogo. J\u00e1 a motocicleta foi conduzida para a sede do 3\u00ba Pelot\u00e3o da Pol\u00edcia Militar em C\u00edcero Dantas-BA, para ser apresentada no primeiro dia \u00fatil na Delegacia de Pol\u00edcia Civil da cidade.<\/p>\n<p style=\"text-align: justify;\">Nem o criminoso, tampouco o menor infrator, tiveram suas respectivas imagens e identidades divulgadas.<\/p>\n<p style=\"text-align: justify;\"><a href=\"http:\/\/www.facebook.com.br\/pombalalerta\"><strong style=\"font-style: inherit;\">Curta nossa p\u00e1gina no facebook, e continue atualizado sobre tudo o que acontece em sua cidade!<\/strong><\/a><\/p>\n<p style=\"text-align: justify;\"><a href=\"https:\/\/play.google.com\/store\/apps\/details?id=com.globalstore.pombalalerta&amp;hl=pt_BR\"><strong style=\"font-style: inherit;\">Baixe o nosso aplicativo, e fique de olho na not\u00edcia!<\/strong><\/a><\/p>\n<p style=\"text-align: justify;\"><em style=\"font-weight: inherit;\">Reda\u00e7\u00e3o: Portal Alerta<\/em><\/p>\n<p style=\"text-align: justify;\">\n","protected":false},"excerpt":{"rendered":"<p>Por volta das 16:30hs do \u00faltimo s\u00e1bado, 13, duas mulheres que se encontravam num sal\u00e3o de beleza, situado na Rua Ben\u00edcio Tomaz, centro de C\u00edcero Dantas-BA, foram v\u00edtimas de um assalto.<\/p>\n","protected":false},"author":2,"featured_media":18233,"comment_status":"open","ping_status":"open","sticky":false,"template":"","format":"standard","meta":{"om_disable_all_campaigns":false,"_monsterinsights_skip_tracking":false,"_monsterinsights_sitenote_active":false,"_monsterinsights_sitenote_note":"","_monsterinsights_sitenote_category":0,"footnotes":""},"categories":[4,70,69,32,22],"tags":[143,75,57,79,77,367,368,101,469],"class_list":["post-18231","post","type-post","status-publish","format-standard","has-post-thumbnail","hentry","category-cicero-dantas","category-destaques","category-noticias2","category-regiao","category-seguranca","tag-apreensao","tag-cicero-dantas","tag-menor","tag-policia-militar","tag-preso","tag-roubo","tag-roubo-de-celular","tag-roubo-de-moto","tag-simulacro-de-arma-de-fogo"],"aioseo_notices":[],"_links":{"self":[{"href":"https:\/\/www.portalalerta.com.br\/index.php\/wp-json\/wp\/v2\/posts\/18231","targetHints":{"allow":["GET"]}}],"collection":[{"href":"https:\/\/www.portalalerta.com.br\/index.php\/wp-json\/wp\/v2\/posts"}],"about":[{"href":"https:\/\/www.portalalerta.com.br\/index.php\/wp-json\/wp\/v2\/types\/post"}],"author":[{"embeddable":true,"href":"https:\/\/www.portalalerta.com.br\/index.php\/wp-json\/wp\/v2\/users\/2"}],"replies":[{"embeddable":true,"href":"https:\/\/www.portalalerta.com.br\/index.php\/wp-json\/wp\/v2\/comments?post=18231"}],"version-history":[{"count":0,"href":"https:\/\/www.portalalerta.com.br\/index.php\/wp-json\/wp\/v2\/posts\/18231\/revisions"}],"wp:featuredmedia":[{"embeddable":true,"href":"https:\/\/www.portalalerta.com.br\/index.php\/wp-json\/wp\/v2\/media\/18233"}],"wp:attachment":[{"href":"https:\/\/www.portalalerta.com.br\/index.php\/wp-json\/wp\/v2\/media?parent=18231"}],"wp:term":[{"taxonomy":"category","embeddable":true,"href":"https:\/\/www.portalalerta.com.br\/index.php\/wp-json\/wp\/v2\/categories?post=18231"},{"taxonomy":"post_tag","embeddable":true,"href":"https:\/\/www.portalalerta.com.br\/index.php\/wp-json\/wp\/v2\/tags?post=18231"}],"curies":[{"name":"wp","href":"https:\/\/api.w.org\/{rel}","templated":true}]}}