{"id":18235,"date":"2019-07-16T12:44:15","date_gmt":"2019-07-16T15:44:15","guid":{"rendered":"http:\/\/www.portalalerta.com.br\/?p=18235"},"modified":"2019-07-16T12:44:37","modified_gmt":"2019-07-16T15:44:37","slug":"prazo-para-participar-da-lista-de-espera-do-prouni-encerra-nesta-terca-16","status":"publish","type":"post","link":"https:\/\/www.portalalerta.com.br\/index.php\/2019\/07\/16\/prazo-para-participar-da-lista-de-espera-do-prouni-encerra-nesta-terca-16\/","title":{"rendered":"Prazo para participar da lista de espera do ProUni encerra nesta ter\u00e7a (16)"},"content":{"rendered":"<p style=\"text-align: justify;\">Podem participar da lista os candidatos que n\u00e3o foram selecionados na primeira op\u00e7\u00e3o de curso feita na hora da inscri\u00e7\u00e3o em nenhuma das duas chamadas regulares do programa.<!--more--><\/p>\n<p style=\"text-align: justify;\">O prazo para participar da lista de espera do Programa Universidade para Todos (ProUni) encerra nesta ter\u00e7a-feira (16). Podem participar da lista os candidatos que n\u00e3o foram selecionados na primeira op\u00e7\u00e3o de curso feita na hora da inscri\u00e7\u00e3o em nenhuma das duas chamadas regulares do programa. A ades\u00e3o \u00e9 feita na p\u00e1gina do programa, pela\u00a0<a href=\"http:\/\/siteprouni.mec.gov.br\/\"><strong>internet<\/strong><\/a>.<\/p>\n<p style=\"text-align: justify;\">Podem participar tamb\u00e9m aqueles que foram selecionados para a segunda op\u00e7\u00e3o, mas cuja turma n\u00e3o foi formada. Esses estudantes concorrem a vagas para a primeira op\u00e7\u00e3o de curso.<\/p>\n<p style=\"text-align: justify;\">Podem concorrer a vagas para a segunda op\u00e7\u00e3o de curso aqueles cujas turmas da primeira op\u00e7\u00e3o n\u00e3o foram formadas ou as bolsas da primeira op\u00e7\u00e3o n\u00e3o foram disponibilizadas.<\/p>\n<p style=\"text-align: justify;\"><img fetchpriority=\"high\" decoding=\"async\" class=\"size-thumbnail wp-image-15254 aligncenter\" src=\"http:\/\/www.portalalerta.com.br\/wp-content\/uploads\/2019\/03\/Real-Estilo-e-Voc\u00ea-633x240.jpeg\" alt=\"\" width=\"633\" height=\"240\" srcset=\"https:\/\/www.portalalerta.com.br\/wp-content\/uploads\/2019\/03\/Real-Estilo-e-Voc\u00ea-633x240.jpeg 633w, https:\/\/www.portalalerta.com.br\/wp-content\/uploads\/2019\/03\/Real-Estilo-e-Voc\u00ea-260x99.jpeg 260w, https:\/\/www.portalalerta.com.br\/wp-content\/uploads\/2019\/03\/Real-Estilo-e-Voc\u00ea-50x19.jpeg 50w, https:\/\/www.portalalerta.com.br\/wp-content\/uploads\/2019\/03\/Real-Estilo-e-Voc\u00ea-150x57.jpeg 150w, https:\/\/www.portalalerta.com.br\/wp-content\/uploads\/2019\/03\/Real-Estilo-e-Voc\u00ea.jpeg 720w\" sizes=\"(max-width: 633px) 100vw, 633px\" \/>A rela\u00e7\u00e3o dos candidatos em lista de espera ser\u00e1 divulgada no dia 18.<\/p>\n<p style=\"text-align: justify;\">Todos os candidatos participantes da lista ter\u00e3o que comparecer, entre os dias 19 e 22 de julho, \u00e0s respectivas institui\u00e7\u00f5es para apresentar a documenta\u00e7\u00e3o para comprova\u00e7\u00e3o das informa\u00e7\u00f5es prestadas na inscri\u00e7\u00e3o.<\/p>\n<p style=\"text-align: justify;\">A lista de espera ser\u00e1 usada pelas institui\u00e7\u00f5es de ensino para preencher as vagas que, ap\u00f3s a primeira e a segunda chamadas, permanecerem dispon\u00edveis.<\/p>\n<p style=\"text-align: justify;\"><strong>Bolsas de estudo<\/strong><br \/>\nAo todo, ser\u00e3o ofertadas para o segundo semestre deste ano 169.226 bolsas de estudos em institui\u00e7\u00f5es particulares de ensino superior, sendo 68.087 bolsas integrais, de 100% do valor da mensalidade, e 101.139 parciais, que cobrem 50% do valor da mensalidade.<\/p>\n<p style=\"text-align: justify;\">As bolsas integrais s\u00e3o destinadas a estudantes com renda familiar bruta per capita de at\u00e9 1,5 sal\u00e1rio m\u00ednimo.<\/p>\n<p style=\"text-align: justify;\">As bolsas parciais contemplam os candidatos que t\u00eam renda familiar bruta per capita de at\u00e9 3 sal\u00e1rios m\u00ednimos.<\/p>\n<p style=\"text-align: justify;\">O ProUni \u00e9 voltado para\u00a0 candidatos que n\u00e3o tenham diploma de curso superior e que tenham participado do Exame Nacional do Ensino M\u00e9dio (Enem) 2018.<\/p>\n<p style=\"text-align: justify;\">Al\u00e9m disso, os estudantes precisam ter cursado o ensino m\u00e9dio completo em escola p\u00fablica ou em institui\u00e7\u00e3o privada como bolsistas integrais.<\/p>\n<p style=\"text-align: justify;\">\u00c9 preciso ter obtido ainda nota m\u00ednima de 450 pontos na m\u00e9dia aritm\u00e9tica das notas nas provas do Enem. Tamb\u00e9m podem se inscrever no programa estudantes com defici\u00eancia e professores da rede p\u00fablica.<\/p>\n","protected":false},"excerpt":{"rendered":"<p>Podem participar da lista os candidatos que n\u00e3o foram selecionados na primeira op\u00e7\u00e3o de curso feita na hora da inscri\u00e7\u00e3o em nenhuma das duas chamadas regulares do programa.<\/p>\n","protected":false},"author":2,"featured_media":4670,"comment_status":"open","ping_status":"open","sticky":false,"template":"","format":"standard","meta":{"om_disable_all_campaigns":false,"_monsterinsights_skip_tracking":false,"_monsterinsights_sitenote_active":false,"_monsterinsights_sitenote_note":"","_monsterinsights_sitenote_category":0,"footnotes":""},"categories":[34,70,20,69],"tags":[93,140,580],"class_list":["post-18235","post","type-post","status-publish","format-standard","has-post-thumbnail","hentry","category-brasil","category-destaques","category-educacao","category-noticias2","tag-brasil","tag-educacao","tag-prouni"],"aioseo_notices":[],"_links":{"self":[{"href":"https:\/\/www.portalalerta.com.br\/index.php\/wp-json\/wp\/v2\/posts\/18235","targetHints":{"allow":["GET"]}}],"collection":[{"href":"https:\/\/www.portalalerta.com.br\/index.php\/wp-json\/wp\/v2\/posts"}],"about":[{"href":"https:\/\/www.portalalerta.com.br\/index.php\/wp-json\/wp\/v2\/types\/post"}],"author":[{"embeddable":true,"href":"https:\/\/www.portalalerta.com.br\/index.php\/wp-json\/wp\/v2\/users\/2"}],"replies":[{"embeddable":true,"href":"https:\/\/www.portalalerta.com.br\/index.php\/wp-json\/wp\/v2\/comments?post=18235"}],"version-history":[{"count":0,"href":"https:\/\/www.portalalerta.com.br\/index.php\/wp-json\/wp\/v2\/posts\/18235\/revisions"}],"wp:featuredmedia":[{"embeddable":true,"href":"https:\/\/www.portalalerta.com.br\/index.php\/wp-json\/wp\/v2\/media\/4670"}],"wp:attachment":[{"href":"https:\/\/www.portalalerta.com.br\/index.php\/wp-json\/wp\/v2\/media?parent=18235"}],"wp:term":[{"taxonomy":"category","embeddable":true,"href":"https:\/\/www.portalalerta.com.br\/index.php\/wp-json\/wp\/v2\/categories?post=18235"},{"taxonomy":"post_tag","embeddable":true,"href":"https:\/\/www.portalalerta.com.br\/index.php\/wp-json\/wp\/v2\/tags?post=18235"}],"curies":[{"name":"wp","href":"https:\/\/api.w.org\/{rel}","templated":true}]}}