{"id":18249,"date":"2019-07-16T21:44:35","date_gmt":"2019-07-17T00:44:35","guid":{"rendered":"http:\/\/www.portalalerta.com.br\/?p=18249"},"modified":"2019-07-16T21:44:35","modified_gmt":"2019-07-17T00:44:35","slug":"pericia-confirma-que-pistola-encontrada-na-casa-de-flordelis-foi-usada-na-morte-de-pastor","status":"publish","type":"post","link":"https:\/\/www.portalalerta.com.br\/index.php\/2019\/07\/16\/pericia-confirma-que-pistola-encontrada-na-casa-de-flordelis-foi-usada-na-morte-de-pastor\/","title":{"rendered":"Per\u00edcia confirma que pistola encontrada na casa de Flordelis foi usada na morte de pastor"},"content":{"rendered":"<p style=\"text-align: justify;\">A pistola foi encontrada pela pol\u00edcia dois dias ap\u00f3s o crime no quarto de Fl\u00e1vio dos Santos Rodrigues, filho biol\u00f3gico de Flordelis.<!--more--><\/p>\n<p style=\"text-align: justify;\">Um laudo do Instituto de Criminal\u00edstica Carlos \u00c9boli (ICCE) confirmou que a pistola encontrada na casa da pastora e deputada federal Flordelis dos Santos de Souza foi usada na morte do pastor Anderson do Carmo de Souza. Uma per\u00edcia preliminar feita na Delegacia de Homic\u00eddios de Niter\u00f3i e S\u00e3o Gon\u00e7alo (DHNSG) j\u00e1 havia apontado que a arma tinha sido utilizada no crime, mas a pol\u00edcia aguardava o confronto basl\u00edstico feito pelo instituto.<\/p>\n<p style=\"text-align: justify;\">A pistola foi encontrada pela pol\u00edcia dois dias ap\u00f3s o crime no quarto de Fl\u00e1vio dos Santos Rodrigues, filho biol\u00f3gico de Flordelis que est\u00e1 preso por envolvimento na morte de Anderson. Segundo informa\u00e7\u00f5es da Pol\u00edcia Civil, Fl\u00e1vio assumiu ter atirado seis vezes contra o pastor. Peritos, no entanto, constataram que o corpo do pastor tinha mais de 30 perfura\u00e7\u00f5es.<\/p>\n<p style=\"text-align: justify;\"><img fetchpriority=\"high\" decoding=\"async\" class=\"size-thumbnail wp-image-15254 aligncenter\" src=\"http:\/\/www.portalalerta.com.br\/wp-content\/uploads\/2019\/03\/Real-Estilo-e-Voc\u00ea-633x240.jpeg\" alt=\"\" width=\"633\" height=\"240\" srcset=\"https:\/\/www.portalalerta.com.br\/wp-content\/uploads\/2019\/03\/Real-Estilo-e-Voc\u00ea-633x240.jpeg 633w, https:\/\/www.portalalerta.com.br\/wp-content\/uploads\/2019\/03\/Real-Estilo-e-Voc\u00ea-260x99.jpeg 260w, https:\/\/www.portalalerta.com.br\/wp-content\/uploads\/2019\/03\/Real-Estilo-e-Voc\u00ea-50x19.jpeg 50w, https:\/\/www.portalalerta.com.br\/wp-content\/uploads\/2019\/03\/Real-Estilo-e-Voc\u00ea-150x57.jpeg 150w, https:\/\/www.portalalerta.com.br\/wp-content\/uploads\/2019\/03\/Real-Estilo-e-Voc\u00ea.jpeg 720w\" sizes=\"(max-width: 633px) 100vw, 633px\" \/>Al\u00e9m de Fl\u00e1vio, Lucas C\u00e9zar dos Santos de Souza, filho adotivo da deputada e de Anderson, tamb\u00e9m est\u00e1 preso por suspeita de participa\u00e7\u00e3o no crime. Ambos est\u00e3o presos temporariamente na DHNSG.<\/p>\n<p style=\"text-align: justify;\">Desde o dia 28 do m\u00eas passado, a Pol\u00edcia Civil do Rio aguarda o Supremo Tribunal Federal (STF) decidir de quem \u00e9 a compet\u00eancia para prosseguir com parte da investiga\u00e7\u00e3o que tenha rela\u00e7\u00e3o com a parlamentar. O pedido para que a corte se posicione sobre o caso foi encaminhado pela assessoria de Recursos Constitucionais do Minist\u00e9rio P\u00fablico estadual.<\/p>\n<p style=\"text-align: justify;\">Desde o ano passado, a posi\u00e7\u00e3o do tribunal \u00e9 de que deputados federais e senadores s\u00f3 possuem foro por prerrogativa de fun\u00e7\u00e3o em crimes cometidos no exerc\u00edcio do cargo e em raz\u00e3o das fun\u00e7\u00f5es a ele relacionadas. Apesar disso, o ministro Celso de Mello deu declara\u00e7\u00f5es afirmando que essa avalia\u00e7\u00e3o deveria ser feita pela corte. Depois disso, o MP decidiu encaminhar c\u00f3pia do inqu\u00e9rito ao STF, que decidir\u00e1 se o pr\u00f3prio tribunal conduzir\u00e1 a investiga\u00e7\u00e3o ou se a mesma poder\u00e1 prosseguir com a Pol\u00edcia Civil do Rio.<\/p>\n<p style=\"text-align: justify;\">\u201cOra, ainda que aquele delito de homic\u00eddio nada tenha a ver com o desempenho da fun\u00e7\u00e3o parlamentar, a mim me parece que a\u00ed sim est\u00e1 sendo usurpada a compet\u00eancia penal origin\u00e1ria do Supremo Tribunal Federal, pois cabe ao Supremo Tribunal Federal, que em regra \u00e9 o juiz natural dos congressistas, nos il\u00edcitos penais, dizer se afinal h\u00e1 ou n\u00e3o h\u00e1 conex\u00e3o daquele delito com a fun\u00e7\u00e3o congressual. E, em n\u00e3o havendo, \u00e9 claro, determinar-se-\u00e1 o deslocamento, a declina\u00e7\u00e3o da compet\u00eancia para o ju\u00edzo de primeiro grau\u201d, afirmou Celso de Mello.<\/p>\n<p style=\"text-align: justify;\">A pol\u00edcia tem evitado declarar que Flordelis \u00e9 investigada.No entanto, em entrevista ao RJTV cinco dias ap\u00f3s o crime, a delegada titular da Delegacia de Homic\u00eddios de Niter\u00f3i e S\u00e3o Gon\u00e7alo, B\u00e1rbara Lomba, afirmou que todos na casa seriam investigados. \u201cN\u00e3o podemos descartar ningu\u00e9m que estava pr\u00f3ximo da cena do crime. Provavelmente, a motiva\u00e7\u00e3o do crime \u00e9 relacionada a uma quest\u00e3o que envolve a fam\u00edlia, mas n\u00e3o se sabe de que natureza. Tudo indica que tem rela\u00e7\u00e3o com as rela\u00e7\u00f5es familiares, quem convivia com a v\u00edtima\u201d, afirmou ela.<\/p>\n","protected":false},"excerpt":{"rendered":"<p>A pistola foi encontrada pela pol\u00edcia dois dias ap\u00f3s o crime no quarto de Fl\u00e1vio dos Santos Rodrigues, filho biol\u00f3gico de Flordelis.<\/p>\n","protected":false},"author":2,"featured_media":17741,"comment_status":"open","ping_status":"open","sticky":false,"template":"","format":"standard","meta":{"om_disable_all_campaigns":false,"_monsterinsights_skip_tracking":false,"_monsterinsights_sitenote_active":false,"_monsterinsights_sitenote_note":"","_monsterinsights_sitenote_category":0,"footnotes":""},"categories":[34,70,69,21,22],"tags":[93,1590,2936,2935,961,300],"class_list":["post-18249","post","type-post","status-publish","format-standard","has-post-thumbnail","hentry","category-brasil","category-destaques","category-noticias2","category-politica","category-seguranca","tag-brasil","tag-deputada-federal","tag-exame-de-balistica","tag-flordelis","tag-psd","tag-rio-de-janeiro"],"aioseo_notices":[],"_links":{"self":[{"href":"https:\/\/www.portalalerta.com.br\/index.php\/wp-json\/wp\/v2\/posts\/18249","targetHints":{"allow":["GET"]}}],"collection":[{"href":"https:\/\/www.portalalerta.com.br\/index.php\/wp-json\/wp\/v2\/posts"}],"about":[{"href":"https:\/\/www.portalalerta.com.br\/index.php\/wp-json\/wp\/v2\/types\/post"}],"author":[{"embeddable":true,"href":"https:\/\/www.portalalerta.com.br\/index.php\/wp-json\/wp\/v2\/users\/2"}],"replies":[{"embeddable":true,"href":"https:\/\/www.portalalerta.com.br\/index.php\/wp-json\/wp\/v2\/comments?post=18249"}],"version-history":[{"count":0,"href":"https:\/\/www.portalalerta.com.br\/index.php\/wp-json\/wp\/v2\/posts\/18249\/revisions"}],"wp:featuredmedia":[{"embeddable":true,"href":"https:\/\/www.portalalerta.com.br\/index.php\/wp-json\/wp\/v2\/media\/17741"}],"wp:attachment":[{"href":"https:\/\/www.portalalerta.com.br\/index.php\/wp-json\/wp\/v2\/media?parent=18249"}],"wp:term":[{"taxonomy":"category","embeddable":true,"href":"https:\/\/www.portalalerta.com.br\/index.php\/wp-json\/wp\/v2\/categories?post=18249"},{"taxonomy":"post_tag","embeddable":true,"href":"https:\/\/www.portalalerta.com.br\/index.php\/wp-json\/wp\/v2\/tags?post=18249"}],"curies":[{"name":"wp","href":"https:\/\/api.w.org\/{rel}","templated":true}]}}