{"id":18252,"date":"2019-07-16T22:48:20","date_gmt":"2019-07-17T01:48:20","guid":{"rendered":"http:\/\/www.portalalerta.com.br\/?p=18252"},"modified":"2019-07-16T22:48:20","modified_gmt":"2019-07-17T01:48:20","slug":"ministro-anuncia-acordo-com-o-mpf-para-instalar-1-mil-radares-de-velocidade-em-rodovias-federais","status":"publish","type":"post","link":"https:\/\/www.portalalerta.com.br\/index.php\/2019\/07\/16\/ministro-anuncia-acordo-com-o-mpf-para-instalar-1-mil-radares-de-velocidade-em-rodovias-federais\/","title":{"rendered":"Ministro anuncia acordo com o MPF para instalar 1 mil radares de velocidade em rodovias federais"},"content":{"rendered":"<p style=\"text-align: justify;\">Segundo Tarc\u00edsio Freitas, acerto pode gerar economia de cerca de R$ 600 milh\u00f5es. Aparelhos v\u00e3o fiscalizar 2,2 mil pontos: o planto anterior, de R$ 1 bi, previa monitoramento de 8 mil faixas.<!--more--><\/p>\n<p style=\"text-align: justify;\">O ministro da Infraestrutura,\u00a0Tarc\u00edsio Freitas, anunciou nesta segunda-feira (15), em uma entrevista coletiva concedida em Bras\u00edlia, que o governo federal e o Minist\u00e9rio P\u00fablico Federal (MPF) fecharam acordo que prev\u00ea a instala\u00e7\u00e3o de 1 mil radares de controle de velocidade em rodovias n\u00e3o concedidas \u00e0 iniciativa privada.<\/p>\n<p style=\"text-align: justify;\"><img fetchpriority=\"high\" decoding=\"async\" class=\"size-full wp-image-2902 alignleft\" src=\"http:\/\/www.portalalerta.com.br\/wp-content\/uploads\/2017\/11\/elab-2.jpg\" alt=\"\" width=\"310\" height=\"200\" srcset=\"https:\/\/www.portalalerta.com.br\/wp-content\/uploads\/2017\/11\/elab-2.jpg 310w, https:\/\/www.portalalerta.com.br\/wp-content\/uploads\/2017\/11\/elab-2-226x146.jpg 226w, https:\/\/www.portalalerta.com.br\/wp-content\/uploads\/2017\/11\/elab-2-50x32.jpg 50w, https:\/\/www.portalalerta.com.br\/wp-content\/uploads\/2017\/11\/elab-2-116x75.jpg 116w\" sizes=\"(max-width: 310px) 100vw, 310px\" \/>Freitas n\u00e3o deu detalhes sobre o teor do acordo, mas informou que o acerto firmado com o MPF \u2013 que reduziu de 8 mil para 2,2 mil o n\u00famero de faixas a serem fiscalizadas nessas estradas \u2013 deve gerar uma economia correspondente a cerca de R$ 600 milh\u00f5es ao Departamento Nacional de Infraestrutura de Transportes (Dnit), autarquia vinculada ao Minist\u00e9rio da Infraestrutura.<\/p>\n<p style=\"text-align: justify;\">A instala\u00e7\u00e3o dos novos aparelhos,\u00a0suspensa em abril pelo governo federal\u00a0em abril passado, ocorreria nas rodovias administradas pelo Dnit e cobriria 8 mil pontos nos pr\u00f3ximos 5 anos, ao custo de R$ 1 bilh\u00e3o.<\/p>\n<p style=\"text-align: justify;\">Embora governo e Minist\u00e9rio P\u00fablico tenham entrado em acordo em torno da instala\u00e7\u00e3o dos pardais, a Justi\u00e7a Federal ainda tem que homologar os termos do acerto.<\/p>\n<p style=\"text-align: justify;\">Justi\u00e7a Federal pro\u00edbe governo de retirar radares de velocidade nas<\/p>\n<figure id=\"attachment_18253\" aria-describedby=\"caption-attachment-18253\" style=\"width: 500px\" class=\"wp-caption aligncenter\"><img decoding=\"async\" class=\"wp-image-18253 size-full\" src=\"http:\/\/www.portalalerta.com.br\/wp-content\/uploads\/2019\/07\/Tarc\u00edsio-Gomes-de-Freitas.jpg\" alt=\"\" width=\"500\" height=\"300\" srcset=\"https:\/\/www.portalalerta.com.br\/wp-content\/uploads\/2019\/07\/Tarc\u00edsio-Gomes-de-Freitas.jpg 500w, https:\/\/www.portalalerta.com.br\/wp-content\/uploads\/2019\/07\/Tarc\u00edsio-Gomes-de-Freitas-400x240.jpg 400w, https:\/\/www.portalalerta.com.br\/wp-content\/uploads\/2019\/07\/Tarc\u00edsio-Gomes-de-Freitas-243x146.jpg 243w, https:\/\/www.portalalerta.com.br\/wp-content\/uploads\/2019\/07\/Tarc\u00edsio-Gomes-de-Freitas-50x30.jpg 50w, https:\/\/www.portalalerta.com.br\/wp-content\/uploads\/2019\/07\/Tarc\u00edsio-Gomes-de-Freitas-125x75.jpg 125w, https:\/\/www.portalalerta.com.br\/wp-content\/uploads\/2019\/07\/Tarc\u00edsio-Gomes-de-Freitas-250x150.jpg 250w\" sizes=\"(max-width: 500px) 100vw, 500px\" \/><figcaption id=\"caption-attachment-18253\" class=\"wp-caption-text\">O ministro da Infraestrutura, Tarc\u00edsio Freitas<\/figcaption><\/figure>\n<p style=\"text-align: justify;\">Em abril, a ju\u00edza Diana Wanderlei, da 5\u00aa Vara Federal em Bras\u00edlia,\u00a0determinou que a Uni\u00e3o\u00a0n\u00e3o retirasse radares eletr\u00f4nicos e renovasse contratos prestes a vencer com concession\u00e1rias que fornecem radares de controle de velocidade.<\/p>\n<p style=\"text-align: justify;\">Na ocasi\u00e3o, a magistrada imp\u00f4s multa di\u00e1ria de R$ 50 mil em caso de descumprimento da decis\u00e3o por parte do Executivo federal. A decis\u00e3o da ju\u00edza do Distrito Federal atendeu pedido feito em a\u00e7\u00e3o popular pelo senador Fabiano Contarato (Rede-ES).<\/p>\n<p style=\"text-align: justify;\">O parlamentar da Rede recorreu \u00e0 Justi\u00e7a depois que o Dnit suspendeu, em 1\u00ba de abril, a instala\u00e7\u00e3o de radares em rodovias federais n\u00e3o-concedidas \u00e0 iniciativa privada por ordem do presidente Jair Bolsonaro.<\/p>\n<p style=\"text-align: justify;\">Dias antes, Bolsonaro havia anunciado em uma rede social que tinha determinado o cancelamento de imediato da instala\u00e7\u00e3o de radares eletr\u00f4nicos em rodovias federais.<\/p>\n<p style=\"text-align: justify;\">\u00c0 \u00e9poca, ele justificou a decis\u00e3o com o argumento de que &#8220;a grande maioria&#8221; dos radares de velocidade t\u00eam &#8220;o \u00fanico intuito de retomo financeiro ao Estado&#8221;.<\/p>\n<p style=\"text-align: justify;\">O valor do contrato suspenso em abril pelo Dnit era de R$ 1 bilh\u00e3o. Com base no acordo fechado com o Minist\u00e9rio P\u00fablico, que est\u00e1 \u00e0 espera de homologa\u00e7\u00e3o da Justi\u00e7a Federal, o ministro da Infraestrutura acredita que pode economizar dois ter\u00e7os do valor original do contrato.<\/p>\n<p style=\"text-align: justify;\">De acordo com a assessoria da Justi\u00e7a Federal de Bras\u00edlia, a ju\u00edza da 5\u00aa Vara ainda n\u00e3o homologou o acordo entre o governo e o MPF porque discordou de uma das cl\u00e1usulas e pediu mais informa\u00e7\u00f5es \u00e0s partes envolvidas. Ainda n\u00e3o h\u00e1 previs\u00e3o de quando a magistrada ir\u00e1 se posicionar definitivamente sobre o acerto para instala\u00e7\u00e3o dos pardais.<\/p>\n<p style=\"text-align: justify;\"><strong>Cr\u00edticas aos radares<\/strong><\/p>\n<p style=\"text-align: justify;\">Em mais uma cr\u00edtica aos radares de controle de velocidade, Tarc\u00edsio Freitas tamb\u00e9m disse que para ele, no atual cen\u00e1rio or\u00e7ament\u00e1rio, n\u00e3o faz o menor sentido gastar R$ 1 bilh\u00e3o na instala\u00e7\u00e3o de radares. Segundo ele, o Minist\u00e9rio da Infraestrutura tem R$ 2 bilh\u00f5es para fazer a manuten\u00e7\u00e3o de toda as rodovias federais.<\/p>\n<p style=\"text-align: justify;\">O ministro voltou a defender a redu\u00e7\u00e3o no n\u00famero de pardais e disse que n\u00e3o s\u00e3o s\u00f3 os radares que salvam vidas.<\/p>\n<p style=\"text-align: justify;\"><strong>&#8220;Hoje, o Minist\u00e9rio da Infraestrutura tem R$ 6 bilh\u00f5es. \u00c9 razo\u00e1vel, neste cen\u00e1rio, ter um contrato de R$ 1 bilh\u00e3o de radar? \u00c9 bom lembrar que n\u00e3o \u00e9 s\u00f3 radar que salva vidas. A manuten\u00e7\u00e3o rodovi\u00e1ria salva vidas, a corre\u00e7\u00e3o geom\u00e9trica, a sinaliza\u00e7\u00e3o salva vidas&#8221;, alegou Freitas.<\/strong><\/p>\n<p style=\"text-align: justify;\"><strong>Crit\u00e9rios t\u00e9cnicos<\/strong><\/p>\n<p style=\"text-align: justify;\">O titular da Infraestrutura afirmou que os radares ser\u00e3o instalados com base em crit\u00e9rios t\u00e9cnicos. Segundo ele, n\u00e3o vai mais haver &#8220;radar escondido&#8221;.<\/p>\n<p style=\"text-align: justify;\">&#8220;Estamos analisando a quest\u00e3o do ponto de vista t\u00e9cnico&#8221;, enfatizou.<\/p>\n<p style=\"text-align: justify;\">Ainda de acordo com Tarc\u00edsio Freitas, o n\u00famero de 1 mil radares \u00e9 o m\u00ednimo necess\u00e1rio para manter a seguran\u00e7a nas rodovias.<\/p>\n<p style=\"text-align: justify;\">&#8220;Onde \u00e9 que est\u00e3o esses equipamentos? Nas transi\u00e7\u00f5es de \u00e1rea rural para \u00e1rea urbana, onde a gente precisa alertar o motorista que ali ele precisa reduzir a velocidade, nas proximidades de alguns equipamentos p\u00fablicos, como escolas e em pontos onde s\u00e3o recorrentes acidentes por excesso de velocidade&#8221;, observou o ministro.<\/p>\n<p style=\"text-align: justify;\"><em>Fonte: G1<\/em><\/p>\n","protected":false},"excerpt":{"rendered":"<p>Segundo Tarc\u00edsio Freitas, acerto pode gerar economia de cerca de R$ 600 milh\u00f5es. Aparelhos v\u00e3o fiscalizar 2,2 mil pontos: o planto anterior, de R$ 1 bi, previa monitoramento de 8 mil faixas.<\/p>\n","protected":false},"author":2,"featured_media":18254,"comment_status":"open","ping_status":"open","sticky":false,"template":"","format":"standard","meta":{"om_disable_all_campaigns":false,"_monsterinsights_skip_tracking":false,"_monsterinsights_sitenote_active":false,"_monsterinsights_sitenote_note":"","_monsterinsights_sitenote_category":0,"footnotes":""},"categories":[34,70,69,21],"tags":[93,1926,440,2486,1927],"class_list":["post-18252","post","type-post","status-publish","format-standard","has-post-thumbnail","hentry","category-brasil","category-destaques","category-noticias2","category-politica","tag-brasil","tag-ministro-da-infraestrutura","tag-mpf","tag-radares","tag-tarcisio-gomes-de-freitas"],"aioseo_notices":[],"_links":{"self":[{"href":"https:\/\/www.portalalerta.com.br\/index.php\/wp-json\/wp\/v2\/posts\/18252","targetHints":{"allow":["GET"]}}],"collection":[{"href":"https:\/\/www.portalalerta.com.br\/index.php\/wp-json\/wp\/v2\/posts"}],"about":[{"href":"https:\/\/www.portalalerta.com.br\/index.php\/wp-json\/wp\/v2\/types\/post"}],"author":[{"embeddable":true,"href":"https:\/\/www.portalalerta.com.br\/index.php\/wp-json\/wp\/v2\/users\/2"}],"replies":[{"embeddable":true,"href":"https:\/\/www.portalalerta.com.br\/index.php\/wp-json\/wp\/v2\/comments?post=18252"}],"version-history":[{"count":0,"href":"https:\/\/www.portalalerta.com.br\/index.php\/wp-json\/wp\/v2\/posts\/18252\/revisions"}],"wp:featuredmedia":[{"embeddable":true,"href":"https:\/\/www.portalalerta.com.br\/index.php\/wp-json\/wp\/v2\/media\/18254"}],"wp:attachment":[{"href":"https:\/\/www.portalalerta.com.br\/index.php\/wp-json\/wp\/v2\/media?parent=18252"}],"wp:term":[{"taxonomy":"category","embeddable":true,"href":"https:\/\/www.portalalerta.com.br\/index.php\/wp-json\/wp\/v2\/categories?post=18252"},{"taxonomy":"post_tag","embeddable":true,"href":"https:\/\/www.portalalerta.com.br\/index.php\/wp-json\/wp\/v2\/tags?post=18252"}],"curies":[{"name":"wp","href":"https:\/\/api.w.org\/{rel}","templated":true}]}}