{"id":18676,"date":"2019-08-05T14:29:21","date_gmt":"2019-08-05T17:29:21","guid":{"rendered":"https:\/\/www.portalalerta.com.br\/?p=18676"},"modified":"2019-08-05T14:29:21","modified_gmt":"2019-08-05T17:29:21","slug":"tucano-ba-jovem-e-morto-a-tiros-em-caldas-do-jorro","status":"publish","type":"post","link":"https:\/\/www.portalalerta.com.br\/index.php\/2019\/08\/05\/tucano-ba-jovem-e-morto-a-tiros-em-caldas-do-jorro\/","title":{"rendered":"Tucano-BA: Jovem \u00e9 morto a tiros em Caldas do Jorro"},"content":{"rendered":"<p style=\"text-align: justify;\">Matheus Pimentel Soares, 18 anos, foi morto a tiros em Caldas do Jorro, distrito do munic\u00edpio de Tucano, regi\u00e3o sisaleira da Bahia, no in\u00edcio da manh\u00e3 deste domingo (4).<!--more--><\/p>\n<p style=\"text-align: justify;\"><img fetchpriority=\"high\" decoding=\"async\" class=\"size-thumbnail wp-image-18400 aligncenter\" src=\"https:\/\/www.portalalerta.com.br\/wp-content\/uploads\/2019\/07\/Real-Estilo-e-Voc\u00ea-633x240.jpeg\" alt=\"\" width=\"633\" height=\"240\" srcset=\"https:\/\/www.portalalerta.com.br\/wp-content\/uploads\/2019\/07\/Real-Estilo-e-Voc\u00ea-633x240.jpeg 633w, https:\/\/www.portalalerta.com.br\/wp-content\/uploads\/2019\/07\/Real-Estilo-e-Voc\u00ea-260x99.jpeg 260w, https:\/\/www.portalalerta.com.br\/wp-content\/uploads\/2019\/07\/Real-Estilo-e-Voc\u00ea-50x19.jpeg 50w, https:\/\/www.portalalerta.com.br\/wp-content\/uploads\/2019\/07\/Real-Estilo-e-Voc\u00ea-150x57.jpeg 150w, https:\/\/www.portalalerta.com.br\/wp-content\/uploads\/2019\/07\/Real-Estilo-e-Voc\u00ea.jpeg 720w\" sizes=\"(max-width: 633px) 100vw, 633px\" \/>O crime ocorreu por volta das 6h30. A pol\u00edcia acredita que o jovem, que era usu\u00e1rio de drogas e tinha passagem pela delegacia da cidade, tenha sido executado ap\u00f3s ser atra\u00eddo para uma emboscada num local onde s\u00e3o deixados caminh\u00f5es velhos.<\/p>\n<p style=\"text-align: justify;\">Autoria e motiva\u00e7\u00e3o do crime s\u00e3o desconhecidas. A Pol\u00edcia Militar foi acionada e fez buscas pela regi\u00e3o, mas nenhum suspeito foi localizado. O caso deve ser investigado pela Pol\u00edcia Civil de Tucano.<\/p>\n<figure id=\"attachment_18677\" aria-describedby=\"caption-attachment-18677\" style=\"width: 400px\" class=\"wp-caption aligncenter\"><img decoding=\"async\" class=\"wp-image-18677 size-full\" src=\"https:\/\/www.portalalerta.com.br\/wp-content\/uploads\/2019\/08\/homic\u00eddio-em-Tucano-2019.12.jpg\" alt=\"\" width=\"400\" height=\"500\" srcset=\"https:\/\/www.portalalerta.com.br\/wp-content\/uploads\/2019\/08\/homic\u00eddio-em-Tucano-2019.12.jpg 400w, https:\/\/www.portalalerta.com.br\/wp-content\/uploads\/2019\/08\/homic\u00eddio-em-Tucano-2019.12-192x240.jpg 192w, https:\/\/www.portalalerta.com.br\/wp-content\/uploads\/2019\/08\/homic\u00eddio-em-Tucano-2019.12-117x146.jpg 117w, https:\/\/www.portalalerta.com.br\/wp-content\/uploads\/2019\/08\/homic\u00eddio-em-Tucano-2019.12-40x50.jpg 40w, https:\/\/www.portalalerta.com.br\/wp-content\/uploads\/2019\/08\/homic\u00eddio-em-Tucano-2019.12-60x75.jpg 60w\" sizes=\"(max-width: 400px) 100vw, 400px\" \/><figcaption id=\"caption-attachment-18677\" class=\"wp-caption-text\">Matheus foi assassinado \u00e0 tiros<\/figcaption><\/figure>\n<p style=\"text-align: justify;\"><em>Fonte: Not\u00edcias de SantaLuz<\/em><\/p>\n","protected":false},"excerpt":{"rendered":"<p>Matheus Pimentel Soares, 18 anos, foi morto a tiros em Caldas do Jorro, distrito do munic\u00edpio de Tucano, regi\u00e3o sisaleira da Bahia, no in\u00edcio da manh\u00e3 deste domingo (4).<\/p>\n","protected":false},"author":2,"featured_media":13265,"comment_status":"open","ping_status":"open","sticky":false,"template":"","format":"standard","meta":{"om_disable_all_campaigns":false,"_monsterinsights_skip_tracking":false,"_monsterinsights_sitenote_active":false,"_monsterinsights_sitenote_note":"","_monsterinsights_sitenote_category":0,"footnotes":""},"categories":[70,69,32,22,12],"tags":[389,128,206,169,190],"class_list":["post-18676","post","type-post","status-publish","format-standard","has-post-thumbnail","hentry","category-destaques","category-noticias2","category-regiao","category-seguranca","category-tucano","tag-caldas-do-jorro","tag-disparo-de-arma-de-fogo","tag-homicidio","tag-morte","tag-tucano"],"aioseo_notices":[],"_links":{"self":[{"href":"https:\/\/www.portalalerta.com.br\/index.php\/wp-json\/wp\/v2\/posts\/18676","targetHints":{"allow":["GET"]}}],"collection":[{"href":"https:\/\/www.portalalerta.com.br\/index.php\/wp-json\/wp\/v2\/posts"}],"about":[{"href":"https:\/\/www.portalalerta.com.br\/index.php\/wp-json\/wp\/v2\/types\/post"}],"author":[{"embeddable":true,"href":"https:\/\/www.portalalerta.com.br\/index.php\/wp-json\/wp\/v2\/users\/2"}],"replies":[{"embeddable":true,"href":"https:\/\/www.portalalerta.com.br\/index.php\/wp-json\/wp\/v2\/comments?post=18676"}],"version-history":[{"count":1,"href":"https:\/\/www.portalalerta.com.br\/index.php\/wp-json\/wp\/v2\/posts\/18676\/revisions"}],"predecessor-version":[{"id":18678,"href":"https:\/\/www.portalalerta.com.br\/index.php\/wp-json\/wp\/v2\/posts\/18676\/revisions\/18678"}],"wp:featuredmedia":[{"embeddable":true,"href":"https:\/\/www.portalalerta.com.br\/index.php\/wp-json\/wp\/v2\/media\/13265"}],"wp:attachment":[{"href":"https:\/\/www.portalalerta.com.br\/index.php\/wp-json\/wp\/v2\/media?parent=18676"}],"wp:term":[{"taxonomy":"category","embeddable":true,"href":"https:\/\/www.portalalerta.com.br\/index.php\/wp-json\/wp\/v2\/categories?post=18676"},{"taxonomy":"post_tag","embeddable":true,"href":"https:\/\/www.portalalerta.com.br\/index.php\/wp-json\/wp\/v2\/tags?post=18676"}],"curies":[{"name":"wp","href":"https:\/\/api.w.org\/{rel}","templated":true}]}}