{"id":18779,"date":"2019-08-11T20:48:39","date_gmt":"2019-08-11T23:48:39","guid":{"rendered":"https:\/\/www.portalalerta.com.br\/?p=18779"},"modified":"2019-08-11T20:48:39","modified_gmt":"2019-08-11T23:48:39","slug":"secretario-de-seguranca-da-bahia-diz-que-concurso-da-pm-e-bombeiros-tera-25-mil-vagas","status":"publish","type":"post","link":"https:\/\/www.portalalerta.com.br\/index.php\/2019\/08\/11\/secretario-de-seguranca-da-bahia-diz-que-concurso-da-pm-e-bombeiros-tera-25-mil-vagas\/","title":{"rendered":"Secret\u00e1rio de Seguran\u00e7a da Bahia diz que concurso da PM e bombeiros ter\u00e1 2,5 mil vagas"},"content":{"rendered":"<p style=\"text-align: justify;\">O secret\u00e1rio de Seguran\u00e7a P\u00fablica da Bahia (SSP-BA), Mauricio Barbosa, afirmou, na \u00faltima sexta-feira (9), que o concurso para policiais militares e bombeiros ter\u00e1, ao todo, 2,5 mil vagas.<!--more--><\/p>\n<p style=\"text-align: justify;\"><img fetchpriority=\"high\" decoding=\"async\" class=\"size-full wp-image-2867 aligncenter\" src=\"https:\/\/www.portalalerta.com.br\/wp-content\/uploads\/2017\/11\/protege-1.jpg\" alt=\"\" width=\"600\" height=\"140\" \/>Segundo o titular da SSP-BA, 2 mil vagas ser\u00e3o para PMs, j\u00e1 500 para os bombeiros. \u201cN\u00f3s acreditamos que at\u00e9 o final do ano a gente consiga liberar o edital\u201d, afirmou, durante balan\u00e7o das a\u00e7\u00f5es policiais do primeiro semestre de 2019.<\/p>\n<p style=\"text-align: justify;\">Em julho, o governador da Bahia, Rui Costa (PT), j\u00e1 tinha anunciado o certame, mas n\u00e3o divulgou o n\u00famero de vagas.<\/p>\n<p style=\"text-align: justify;\"><em>Fonte: A Voz do Campo<\/em><\/p>\n","protected":false},"excerpt":{"rendered":"<p>O secret\u00e1rio de Seguran\u00e7a P\u00fablica da Bahia (SSP-BA), Mauricio Barbosa, afirmou, na \u00faltima sexta-feira (9), que o concurso para policiais militares e bombeiros ter\u00e1, ao todo, 2,5 mil vagas.<\/p>\n","protected":false},"author":2,"featured_media":5854,"comment_status":"open","ping_status":"open","sticky":false,"template":"","format":"standard","meta":{"om_disable_all_campaigns":false,"_monsterinsights_skip_tracking":false,"_monsterinsights_sitenote_active":false,"_monsterinsights_sitenote_note":"","_monsterinsights_sitenote_category":0,"footnotes":""},"categories":[33,70,69,22],"tags":[54,2850,257,79,256],"class_list":["post-18779","post","type-post","status-publish","format-standard","has-post-thumbnail","hentry","category-bahia","category-destaques","category-noticias2","category-seguranca","tag-bahia","tag-bombeiro-militar","tag-concurso","tag-policia-militar","tag-ssp"],"aioseo_notices":[],"_links":{"self":[{"href":"https:\/\/www.portalalerta.com.br\/index.php\/wp-json\/wp\/v2\/posts\/18779","targetHints":{"allow":["GET"]}}],"collection":[{"href":"https:\/\/www.portalalerta.com.br\/index.php\/wp-json\/wp\/v2\/posts"}],"about":[{"href":"https:\/\/www.portalalerta.com.br\/index.php\/wp-json\/wp\/v2\/types\/post"}],"author":[{"embeddable":true,"href":"https:\/\/www.portalalerta.com.br\/index.php\/wp-json\/wp\/v2\/users\/2"}],"replies":[{"embeddable":true,"href":"https:\/\/www.portalalerta.com.br\/index.php\/wp-json\/wp\/v2\/comments?post=18779"}],"version-history":[{"count":1,"href":"https:\/\/www.portalalerta.com.br\/index.php\/wp-json\/wp\/v2\/posts\/18779\/revisions"}],"predecessor-version":[{"id":18780,"href":"https:\/\/www.portalalerta.com.br\/index.php\/wp-json\/wp\/v2\/posts\/18779\/revisions\/18780"}],"wp:featuredmedia":[{"embeddable":true,"href":"https:\/\/www.portalalerta.com.br\/index.php\/wp-json\/wp\/v2\/media\/5854"}],"wp:attachment":[{"href":"https:\/\/www.portalalerta.com.br\/index.php\/wp-json\/wp\/v2\/media?parent=18779"}],"wp:term":[{"taxonomy":"category","embeddable":true,"href":"https:\/\/www.portalalerta.com.br\/index.php\/wp-json\/wp\/v2\/categories?post=18779"},{"taxonomy":"post_tag","embeddable":true,"href":"https:\/\/www.portalalerta.com.br\/index.php\/wp-json\/wp\/v2\/tags?post=18779"}],"curies":[{"name":"wp","href":"https:\/\/api.w.org\/{rel}","templated":true}]}}