{"id":18783,"date":"2019-08-12T07:57:13","date_gmt":"2019-08-12T10:57:13","guid":{"rendered":"https:\/\/www.portalalerta.com.br\/?p=18783"},"modified":"2019-08-12T07:57:13","modified_gmt":"2019-08-12T10:57:13","slug":"policia-apreende-veiculo-roubado-e-arma-de-fogo-em-nova-soure-ba","status":"publish","type":"post","link":"https:\/\/www.portalalerta.com.br\/index.php\/2019\/08\/12\/policia-apreende-veiculo-roubado-e-arma-de-fogo-em-nova-soure-ba\/","title":{"rendered":"Pol\u00edcia apreende ve\u00edculo roubado e arma de fogo, em Nova Soure-BA"},"content":{"rendered":"<p style=\"text-align: justify;\">Por volta das 21:45hs do \u00faltimo s\u00e1bado, 10, policiais militares do 1\u00ba Pelot\u00e3o\/ Nova Soure, bem como do Pelot\u00e3o de Emprego T\u00e1tico Operacional (PETO), se dirigiram at\u00e9 o povoado Barra Azul, no referido munic\u00edpio, com a finalidade de apurarem a den\u00fancia da exist\u00eancia de um ve\u00edculo com restri\u00e7\u00e3o de furto\/ roubo, e que seu condutor estaria portando uma arma de fogo.<!--more--><\/p>\n<p style=\"text-align: justify;\"><img fetchpriority=\"high\" decoding=\"async\" class=\"size-full wp-image-2867 aligncenter\" src=\"https:\/\/www.portalalerta.com.br\/wp-content\/uploads\/2017\/11\/protege-1.jpg\" alt=\"\" width=\"600\" height=\"140\" \/>J\u00e1 no local, onde estaria acontecendo um evento festivo, os militares identificaram o suspeito, e ao abordarem o mesmo, foi encontrada no interior de um dos bolsos das suas vestes, uma chave de uma motocicleta Yamaha T\u00e9n\u00e9r\u00e9 de cor azul, com licen\u00e7a de Feira de Santana-BA, com restri\u00e7\u00e3o de furto\/ roubo. Ao ser indagado sobre a exist\u00eancia da arma de fogo, o suspeito afirmou que estaria escondida em sua resid\u00eancia situada no Povoado Trapalha, tamb\u00e9m no referido munic\u00edpio.<\/p>\n<p style=\"text-align: justify;\">Todos seguiram para o local indicado onde encontraram um rev\u00f3lver cal. 32, contendo quatro muni\u00e7\u00f5es intactas.<\/p>\n<figure id=\"attachment_18784\" aria-describedby=\"caption-attachment-18784\" style=\"width: 720px\" class=\"wp-caption aligncenter\"><img decoding=\"async\" class=\"wp-image-18784 size-full\" src=\"https:\/\/www.portalalerta.com.br\/wp-content\/uploads\/2019\/08\/ve\u00edculo-recuperado-em-Nova-Soure-2019.jpeg\" alt=\"\" width=\"720\" height=\"540\" srcset=\"https:\/\/www.portalalerta.com.br\/wp-content\/uploads\/2019\/08\/ve\u00edculo-recuperado-em-Nova-Soure-2019.jpeg 720w, https:\/\/www.portalalerta.com.br\/wp-content\/uploads\/2019\/08\/ve\u00edculo-recuperado-em-Nova-Soure-2019-320x240.jpeg 320w, https:\/\/www.portalalerta.com.br\/wp-content\/uploads\/2019\/08\/ve\u00edculo-recuperado-em-Nova-Soure-2019-195x146.jpeg 195w, https:\/\/www.portalalerta.com.br\/wp-content\/uploads\/2019\/08\/ve\u00edculo-recuperado-em-Nova-Soure-2019-50x38.jpeg 50w, https:\/\/www.portalalerta.com.br\/wp-content\/uploads\/2019\/08\/ve\u00edculo-recuperado-em-Nova-Soure-2019-100x75.jpeg 100w\" sizes=\"(max-width: 720px) 100vw, 720px\" \/><figcaption id=\"caption-attachment-18784\" class=\"wp-caption-text\">Motocicleta tinha restri\u00e7\u00e3o de furto\/ roubo<\/figcaption><\/figure>\n<p style=\"text-align: justify;\">A arma de fogo, bem como o suspeito, cuja identidade n\u00e3o foi divulgada, foram conduzidos para a Central de Flagrantes, em Ribeira do Pombal-BA, onde foi registrada a ocorr\u00eancia. J\u00e1 a motocicleta foi conduzida para o p\u00e1tio da Delegacia de Pol\u00edcia Civil de Nova Soure para a ado\u00e7\u00e3o das medidas cab\u00edveis.<\/p>\n<p style=\"text-align: justify;\"><em>Reda\u00e7\u00e3o: Portal Alerta <\/em><\/p>\n","protected":false},"excerpt":{"rendered":"<p>Por volta das 21:45hs do \u00faltimo s\u00e1bado, 10, policiais militares do 1\u00ba Pelot\u00e3o\/ Nova Soure, bem como do Pelot\u00e3o de Emprego T\u00e1tico Operacional (PETO), se dirigiram at\u00e9 o povoado Barra Azul, no referido munic\u00edpio, com a finalidade de apurarem a den\u00fancia da exist\u00eancia de um ve\u00edculo com restri\u00e7\u00e3o de furto\/ roubo, e que seu condutor &hellip;<\/p>\n","protected":false},"author":2,"featured_media":18785,"comment_status":"open","ping_status":"open","sticky":false,"template":"","format":"standard","meta":{"om_disable_all_campaigns":false,"_monsterinsights_skip_tracking":false,"_monsterinsights_sitenote_active":false,"_monsterinsights_sitenote_note":"","_monsterinsights_sitenote_category":0,"footnotes":""},"categories":[70,69,14,32,22],"tags":[106,245,79,1769,229,77,101,102],"class_list":["post-18783","post","type-post","status-publish","format-standard","has-post-thumbnail","hentry","category-destaques","category-noticias2","category-nova-soure","category-regiao","category-seguranca","tag-nova-soure","tag-peto","tag-policia-militar","tag-posse-de-arma-de-fogo","tag-povoado","tag-preso","tag-roubo-de-moto","tag-veiculo-recuperado"],"aioseo_notices":[],"_links":{"self":[{"href":"https:\/\/www.portalalerta.com.br\/index.php\/wp-json\/wp\/v2\/posts\/18783","targetHints":{"allow":["GET"]}}],"collection":[{"href":"https:\/\/www.portalalerta.com.br\/index.php\/wp-json\/wp\/v2\/posts"}],"about":[{"href":"https:\/\/www.portalalerta.com.br\/index.php\/wp-json\/wp\/v2\/types\/post"}],"author":[{"embeddable":true,"href":"https:\/\/www.portalalerta.com.br\/index.php\/wp-json\/wp\/v2\/users\/2"}],"replies":[{"embeddable":true,"href":"https:\/\/www.portalalerta.com.br\/index.php\/wp-json\/wp\/v2\/comments?post=18783"}],"version-history":[{"count":1,"href":"https:\/\/www.portalalerta.com.br\/index.php\/wp-json\/wp\/v2\/posts\/18783\/revisions"}],"predecessor-version":[{"id":18786,"href":"https:\/\/www.portalalerta.com.br\/index.php\/wp-json\/wp\/v2\/posts\/18783\/revisions\/18786"}],"wp:featuredmedia":[{"embeddable":true,"href":"https:\/\/www.portalalerta.com.br\/index.php\/wp-json\/wp\/v2\/media\/18785"}],"wp:attachment":[{"href":"https:\/\/www.portalalerta.com.br\/index.php\/wp-json\/wp\/v2\/media?parent=18783"}],"wp:term":[{"taxonomy":"category","embeddable":true,"href":"https:\/\/www.portalalerta.com.br\/index.php\/wp-json\/wp\/v2\/categories?post=18783"},{"taxonomy":"post_tag","embeddable":true,"href":"https:\/\/www.portalalerta.com.br\/index.php\/wp-json\/wp\/v2\/tags?post=18783"}],"curies":[{"name":"wp","href":"https:\/\/api.w.org\/{rel}","templated":true}]}}