{"id":18793,"date":"2019-08-12T15:23:07","date_gmt":"2019-08-12T18:23:07","guid":{"rendered":"https:\/\/www.portalalerta.com.br\/?p=18793"},"modified":"2019-08-12T15:23:07","modified_gmt":"2019-08-12T18:23:07","slug":"motociclista-embriagado-e-flagrado-realizando-manobras-perigosas-em-estacionamento-de-hospital-a-bordo-de-veiculo-roubado-em-ribeira-do-pombal-ba","status":"publish","type":"post","link":"https:\/\/www.portalalerta.com.br\/index.php\/2019\/08\/12\/motociclista-embriagado-e-flagrado-realizando-manobras-perigosas-em-estacionamento-de-hospital-a-bordo-de-veiculo-roubado-em-ribeira-do-pombal-ba\/","title":{"rendered":"Motociclista embriagado \u00e9 flagrado realizando manobras perigosas em estacionamento de Hospital, a bordo de ve\u00edculo roubado, em Ribeira do Pombal-BA"},"content":{"rendered":"<p style=\"text-align: justify;\">Na \u00faltima sexta-feira, 09, Guardas Civis Municipais de Ribeira do Pombal-BA, se dirigiram at\u00e9 o Hospital Geral Santa Tereza, no referido munic\u00edpio, com o objetivo de apurarem uma den\u00fancia de que um jovem aparentemente embriagado, estaria realizando manobras perigosas (empinando) no estacionamento da citada Unidade, a bordo de uma motocicleta Honda Pop de cor vermelha, sem placa de identifica\u00e7\u00e3o.<!--more--><\/p>\n<p style=\"text-align: justify;\">Os agentes se dirigiram at\u00e9 a Unidade Hospitalar, onde identificaram o suspeito. Mesmo negando ter cometido o ato, Adson de Jesus (imagem n\u00e3o divulgada), foi conduzido para o Posto da Pol\u00edcia Rodovi\u00e1ria Federal onde foi submetido ao teste do etil\u00f4metro, constatando uma quantidade de 0.39mg\/l de \u00e1lcool no sangue. Diante dos fatos, tanto Adson, quanto a motocicleta, foram conduzidos para a Delegacia de Pol\u00edcia Civil da cidade, onde foi lavrado o flagrante.<\/p>\n<p style=\"text-align: justify;\"><strong><img fetchpriority=\"high\" decoding=\"async\" class=\"size-thumbnail wp-image-4869 aligncenter\" src=\"https:\/\/www.portalalerta.com.br\/wp-content\/uploads\/2018\/02\/Auto-Escola-Nobre-720x181.jpg\" alt=\"\" width=\"720\" height=\"181\" srcset=\"https:\/\/www.portalalerta.com.br\/wp-content\/uploads\/2018\/02\/Auto-Escola-Nobre.jpg 720w, https:\/\/www.portalalerta.com.br\/wp-content\/uploads\/2018\/02\/Auto-Escola-Nobre-260x65.jpg 260w, https:\/\/www.portalalerta.com.br\/wp-content\/uploads\/2018\/02\/Auto-Escola-Nobre-50x13.jpg 50w, https:\/\/www.portalalerta.com.br\/wp-content\/uploads\/2018\/02\/Auto-Escola-Nobre-150x38.jpg 150w\" sizes=\"(max-width: 720px) 100vw, 720px\" \/>Ve\u00edculo de Proced\u00eancia Criminosa<\/strong><\/p>\n<p style=\"text-align: justify;\">Na Delegacia, foi constatado que a numera\u00e7\u00e3o do chassi da motocicleta estava adulterada, e ap\u00f3s consulta minuciosa, chegou-se a conclus\u00e3o de que a motocicleta \u00e9 proveniente de furto\/ roubo, crime ocorrido em Lagarto-SE, em junho do corrente ano.<\/p>\n<p style=\"text-align: justify;\">De acordo Adson, o ve\u00edculo seria de propriedade de seu amigo, que estava recebendo atendimento m\u00e9dico no Hospital, identificado posteriormente como Arlyson Lira da Silva.<\/p>\n<figure id=\"attachment_18796\" aria-describedby=\"caption-attachment-18796\" style=\"width: 500px\" class=\"wp-caption aligncenter\"><img decoding=\"async\" class=\"wp-image-18796 size-full\" src=\"https:\/\/www.portalalerta.com.br\/wp-content\/uploads\/2019\/08\/Arlyson-Lira-da-Silva.jpg\" alt=\"\" width=\"500\" height=\"400\" srcset=\"https:\/\/www.portalalerta.com.br\/wp-content\/uploads\/2019\/08\/Arlyson-Lira-da-Silva.jpg 500w, https:\/\/www.portalalerta.com.br\/wp-content\/uploads\/2019\/08\/Arlyson-Lira-da-Silva-300x240.jpg 300w, https:\/\/www.portalalerta.com.br\/wp-content\/uploads\/2019\/08\/Arlyson-Lira-da-Silva-183x146.jpg 183w, https:\/\/www.portalalerta.com.br\/wp-content\/uploads\/2019\/08\/Arlyson-Lira-da-Silva-50x40.jpg 50w, https:\/\/www.portalalerta.com.br\/wp-content\/uploads\/2019\/08\/Arlyson-Lira-da-Silva-94x75.jpg 94w\" sizes=\"(max-width: 500px) 100vw, 500px\" \/><figcaption id=\"caption-attachment-18796\" class=\"wp-caption-text\">Arlyson afirmou ter comprado o ve\u00edculo na feira livre de F\u00e1tima-BA. Foto Reprodu\u00e7\u00e3o<\/figcaption><\/figure>\n<p style=\"text-align: justify;\">Assim como Adson, Arlyson tamb\u00e9m foi conduzido para a Delegacia de Pol\u00edcia Civil, onde foi apresentado para a ado\u00e7\u00e3o das medidas cab\u00edveis. Ainda segundo Arlyson que j\u00e1 possui passagens policiais, a motocicleta foi adquirida pelo mesmo na feira livre de F\u00e1tima-BA.<\/p>\n<p style=\"text-align: justify;\"><em>Reda\u00e7\u00e3o: Portal Alerta<\/em><\/p>\n","protected":false},"excerpt":{"rendered":"<p>Na \u00faltima sexta-feira, 09, Guardas Civis Municipais de Ribeira do Pombal-BA, se dirigiram at\u00e9 o Hospital Geral Santa Tereza, no referido munic\u00edpio, com o objetivo de apurarem uma den\u00fancia de que um jovem aparentemente embriagado, estaria realizando manobras perigosas (empinando) no estacionamento da citada Unidade, a bordo de uma motocicleta Honda Pop de cor vermelha, &hellip;<\/p>\n","protected":false},"author":2,"featured_media":18794,"comment_status":"open","ping_status":"open","sticky":false,"template":"","format":"standard","meta":{"om_disable_all_campaigns":false,"_monsterinsights_skip_tracking":false,"_monsterinsights_sitenote_active":false,"_monsterinsights_sitenote_note":"","_monsterinsights_sitenote_category":0,"footnotes":""},"categories":[70,69,32,3,22],"tags":[142,313,656,77,110,47,101,102],"class_list":["post-18793","post","type-post","status-publish","format-standard","has-post-thumbnail","hentry","category-destaques","category-noticias2","category-regiao","category-ribeira-do-pombal","category-seguranca","tag-direcao-perigosa","tag-gcm","tag-lei-seca","tag-preso","tag-presos","tag-ribeira-do-pombal","tag-roubo-de-moto","tag-veiculo-recuperado"],"aioseo_notices":[],"_links":{"self":[{"href":"https:\/\/www.portalalerta.com.br\/index.php\/wp-json\/wp\/v2\/posts\/18793","targetHints":{"allow":["GET"]}}],"collection":[{"href":"https:\/\/www.portalalerta.com.br\/index.php\/wp-json\/wp\/v2\/posts"}],"about":[{"href":"https:\/\/www.portalalerta.com.br\/index.php\/wp-json\/wp\/v2\/types\/post"}],"author":[{"embeddable":true,"href":"https:\/\/www.portalalerta.com.br\/index.php\/wp-json\/wp\/v2\/users\/2"}],"replies":[{"embeddable":true,"href":"https:\/\/www.portalalerta.com.br\/index.php\/wp-json\/wp\/v2\/comments?post=18793"}],"version-history":[{"count":2,"href":"https:\/\/www.portalalerta.com.br\/index.php\/wp-json\/wp\/v2\/posts\/18793\/revisions"}],"predecessor-version":[{"id":18797,"href":"https:\/\/www.portalalerta.com.br\/index.php\/wp-json\/wp\/v2\/posts\/18793\/revisions\/18797"}],"wp:featuredmedia":[{"embeddable":true,"href":"https:\/\/www.portalalerta.com.br\/index.php\/wp-json\/wp\/v2\/media\/18794"}],"wp:attachment":[{"href":"https:\/\/www.portalalerta.com.br\/index.php\/wp-json\/wp\/v2\/media?parent=18793"}],"wp:term":[{"taxonomy":"category","embeddable":true,"href":"https:\/\/www.portalalerta.com.br\/index.php\/wp-json\/wp\/v2\/categories?post=18793"},{"taxonomy":"post_tag","embeddable":true,"href":"https:\/\/www.portalalerta.com.br\/index.php\/wp-json\/wp\/v2\/tags?post=18793"}],"curies":[{"name":"wp","href":"https:\/\/api.w.org\/{rel}","templated":true}]}}