{"id":18801,"date":"2019-08-12T23:20:43","date_gmt":"2019-08-13T02:20:43","guid":{"rendered":"https:\/\/www.portalalerta.com.br\/?p=18801"},"modified":"2019-08-12T23:20:43","modified_gmt":"2019-08-13T02:20:43","slug":"moro-instruiu-lava-jato-a-nao-apreender-celulares-de-cunha","status":"publish","type":"post","link":"https:\/\/www.portalalerta.com.br\/index.php\/2019\/08\/12\/moro-instruiu-lava-jato-a-nao-apreender-celulares-de-cunha\/","title":{"rendered":"Moro instruiu Lava Jato a n\u00e3o apreender celulares de Cunha"},"content":{"rendered":"<p style=\"text-align: justify;\">O ent\u00e3o juiz federal da Lava Jato e atual ministro da Justi\u00e7a, Sergio Moro, convenceu os procuradores da for\u00e7a-tarefa de Curitiba a n\u00e3o pedir a apreens\u00e3o dos telefones celulares usados pelo ex-presidente da C\u00e2mara, Eduardo Cunha (MDB-RJ). Di\u00e1logos na v\u00e9spera da pris\u00e3o do emedebista pela Pol\u00edcia Federal foram divulgados hoje (12) pelo portal BuzzFeed News Brasil, em colabora\u00e7\u00e3o com site The Intercept Brasil.<!--more--><\/p>\n<p style=\"text-align: justify;\">Os di\u00e1logos entre o ent\u00e3o juiz e o chefe da for\u00e7a-tarefa da lava Jato, Deltan Dallagnol, \u00a0ocorreram no dia 18 de outubro de 2016. A decis\u00e3o de n\u00e3o apreender os celulares de Cunha, que j\u00e1 n\u00e3o tinha mais foro privilegiado desde setembro de 2016, destoa do padr\u00e3o da Lava Jato.<\/p>\n<p style=\"text-align: justify;\">Sa\u00edram dos celulares de executivos de empreiteiras, por exemplo, muitas anota\u00e7\u00f5es e mensagens que embasaram investiga\u00e7\u00f5es.\u00a0<strong>Confira<\/strong>:<\/p>\n<ul style=\"text-align: justify;\">\n<li><strong> <img fetchpriority=\"high\" decoding=\"async\" class=\"size-full wp-image-2902 alignright\" src=\"https:\/\/www.portalalerta.com.br\/wp-content\/uploads\/2017\/11\/elab-2.jpg\" alt=\"\" width=\"310\" height=\"200\" srcset=\"https:\/\/www.portalalerta.com.br\/wp-content\/uploads\/2017\/11\/elab-2.jpg 310w, https:\/\/www.portalalerta.com.br\/wp-content\/uploads\/2017\/11\/elab-2-226x146.jpg 226w, https:\/\/www.portalalerta.com.br\/wp-content\/uploads\/2017\/11\/elab-2-50x32.jpg 50w, https:\/\/www.portalalerta.com.br\/wp-content\/uploads\/2017\/11\/elab-2-116x75.jpg 116w\" sizes=\"(max-width: 310px) 100vw, 310px\" \/>11:45:25 Deltan: Um assunto mais urgente \u00e9 sobre a pris\u00e3o<\/strong><\/li>\n<li><strong> 11:45:45 Deltan: Falaremos disso amanh\u00e3 tarde<\/strong><\/li>\n<li><strong> 11:46:44 Deltan: Mas amanh\u00e3 n\u00e3o \u00e9 a pris\u00e3o?<\/strong><\/li>\n<li><strong> 11:46:51 Deltan: Creio que PF est\u00e1 programando<\/strong><\/li>\n<li><strong> 11:46:59 Deltan: Quer\u00edamos falar sobre apreens\u00e3o dos celulares<\/strong><\/li>\n<li><strong> 11:47:03 [Moro]: Parece que sim.<\/strong><\/li>\n<li><strong> 11:47:07 Deltan: Consideramos importante<\/strong><\/li>\n<li><strong> 11:47:13 Deltan: Ter\u00edamos que pedir hoje<\/strong><\/li>\n<\/ul>\n<p style=\"text-align: justify;\">Ap\u00f3s ouvir as pondera\u00e7\u00f5es do procurador, Moro responde o seguinte:<\/p>\n<ul style=\"text-align: justify;\">\n<li><strong> 11:47:15 [Moro:] Acho que n\u00e3o \u00e9 uma boa<\/strong><\/li>\n<\/ul>\n<p style=\"text-align: justify;\">Apesar da resposta, Deltan insiste e tenta agendar uma reuni\u00e3o com Moro para tratar do assunto:<\/p>\n<ul style=\"text-align: justify;\">\n<li><strong> 11:47:27 Deltan: Mas gostar\u00edamos de explicar raz\u00f5es<\/strong><\/li>\n<li><strong> 11:47:56 Deltan: H\u00e1 alguns outros assuntos, mas este \u00e9 o mais urgente<\/strong><\/li>\n<li><strong> 11:48:02 [Moro]: bem eu fico aqui at\u00e9 1230, depois volto \u00e0s 1400.<\/strong><\/li>\n<li><strong> 11:48:49 Deltan: Ok. Tentarei ir antes de 12.30, mas confirmo em seguida de consigo sair at\u00e9 12h para chegar at\u00e9 12.15<\/strong><\/li>\n<li><strong> 12:05:02 Deltan: Indo<\/strong><\/li>\n<\/ul>\n<p style=\"text-align: justify;\">N\u00e3o h\u00e1, nos di\u00e1logos, registros do que foi discutido na reuni\u00e3o presencial entre eles. Por\u00e9m, pouco depois, \u00e0s 14h16, Deltan envia nova mensagem a Moro dizendo que, ap\u00f3s conversar com procuradores e ao levar em considera\u00e7\u00e3o o que foi dito pelo ent\u00e3o juiz, a for\u00e7a-tarefa desistiu de pedir a apreens\u00e3o dos celulares.<\/p>\n<ul style=\"text-align: justify;\">\n<li><strong> 14:16:39 Deltan: Cnversamos [Conversamos] aqui e entendemos que n\u00e3o \u00e9 caso de pedir os celulares, pelos riscos, com base em suas pondera\u00e7\u00f5es<\/strong><\/li>\n<\/ul>\n<p style=\"text-align: justify;\">E Moro respondeu:<\/p>\n<ul style=\"text-align: justify;\">\n<li><strong> 14:21:29 [Moro]: Ok tb<\/strong><\/li>\n<\/ul>\n<p style=\"text-align: justify;\">No dia seguinte \u00e0s conversas, em 19 de outubro, Eduardo Cunha foi preso em Bras\u00edlia.<\/p>\n<p style=\"text-align: justify;\"><em>Fonte: Metro1\u00a0 <\/em><\/p>\n","protected":false},"excerpt":{"rendered":"<p>O ent\u00e3o juiz federal da Lava Jato e atual ministro da Justi\u00e7a, Sergio Moro, convenceu os procuradores da for\u00e7a-tarefa de Curitiba a n\u00e3o pedir a apreens\u00e3o dos telefones celulares usados pelo ex-presidente da C\u00e2mara, Eduardo Cunha (MDB-RJ). Di\u00e1logos na v\u00e9spera da pris\u00e3o do emedebista pela Pol\u00edcia Federal foram divulgados hoje (12) pelo portal BuzzFeed News &hellip;<\/p>\n","protected":false},"author":2,"featured_media":18422,"comment_status":"open","ping_status":"open","sticky":false,"template":"","format":"standard","meta":{"om_disable_all_campaigns":false,"_monsterinsights_skip_tracking":false,"_monsterinsights_sitenote_active":false,"_monsterinsights_sitenote_note":"","_monsterinsights_sitenote_category":0,"footnotes":""},"categories":[34,70,69,21],"tags":[93,1599,463,247,443,2878],"class_list":["post-18801","post","type-post","status-publish","format-standard","has-post-thumbnail","hentry","category-brasil","category-destaques","category-noticias2","category-politica","tag-brasil","tag-deltan-dallagnol","tag-eduardo-cunha","tag-lava-jato","tag-sergio-moro","tag-vaza-jato"],"aioseo_notices":[],"_links":{"self":[{"href":"https:\/\/www.portalalerta.com.br\/index.php\/wp-json\/wp\/v2\/posts\/18801","targetHints":{"allow":["GET"]}}],"collection":[{"href":"https:\/\/www.portalalerta.com.br\/index.php\/wp-json\/wp\/v2\/posts"}],"about":[{"href":"https:\/\/www.portalalerta.com.br\/index.php\/wp-json\/wp\/v2\/types\/post"}],"author":[{"embeddable":true,"href":"https:\/\/www.portalalerta.com.br\/index.php\/wp-json\/wp\/v2\/users\/2"}],"replies":[{"embeddable":true,"href":"https:\/\/www.portalalerta.com.br\/index.php\/wp-json\/wp\/v2\/comments?post=18801"}],"version-history":[{"count":1,"href":"https:\/\/www.portalalerta.com.br\/index.php\/wp-json\/wp\/v2\/posts\/18801\/revisions"}],"predecessor-version":[{"id":18802,"href":"https:\/\/www.portalalerta.com.br\/index.php\/wp-json\/wp\/v2\/posts\/18801\/revisions\/18802"}],"wp:featuredmedia":[{"embeddable":true,"href":"https:\/\/www.portalalerta.com.br\/index.php\/wp-json\/wp\/v2\/media\/18422"}],"wp:attachment":[{"href":"https:\/\/www.portalalerta.com.br\/index.php\/wp-json\/wp\/v2\/media?parent=18801"}],"wp:term":[{"taxonomy":"category","embeddable":true,"href":"https:\/\/www.portalalerta.com.br\/index.php\/wp-json\/wp\/v2\/categories?post=18801"},{"taxonomy":"post_tag","embeddable":true,"href":"https:\/\/www.portalalerta.com.br\/index.php\/wp-json\/wp\/v2\/tags?post=18801"}],"curies":[{"name":"wp","href":"https:\/\/api.w.org\/{rel}","templated":true}]}}