{"id":19102,"date":"2019-08-29T18:23:18","date_gmt":"2019-08-29T21:23:18","guid":{"rendered":"https:\/\/www.portalalerta.com.br\/?p=19102"},"modified":"2019-08-29T18:23:18","modified_gmt":"2019-08-29T21:23:18","slug":"homem-natural-de-lagarto-e-vitima-de-homicidio-no-municipio-baiano-de-adustina-ba","status":"publish","type":"post","link":"https:\/\/www.portalalerta.com.br\/index.php\/2019\/08\/29\/homem-natural-de-lagarto-e-vitima-de-homicidio-no-municipio-baiano-de-adustina-ba\/","title":{"rendered":"Homem natural de Lagarto \u00e9 v\u00edtima de homic\u00eddio no munic\u00edpio baiano de Adustina-BA"},"content":{"rendered":"<p style=\"text-align: justify;\">Um homem identificado como Vagner Santos da Cruz, mais conhecido como \u201cPaulista\u201d foi assassinado \u00e0 tiros, por volta de 00:00h de ter\u00e7a-feira (27), na Rua do Sal, no munic\u00edpio baiano de Adustina-BA.<!--more--><\/p>\n<p style=\"text-align: justify;\">Uma guarni\u00e7\u00e3o da Pol\u00edcia Militar recebeu o telefonema de uma pessoa que estava nas proximidade, dando conta de um disparo de arma de fogo na dire\u00e7\u00e3o da Rua do Sal. De imediato, a\u00a0equipe\u00a0se dirigiu ao\u00a0local, onde presenciou Vagner, que \u00e9 natural de Lagarto-SE, ca\u00eddo ao ch\u00e3o, mas ainda com sinais vitais.<\/p>\n<p style=\"text-align: justify;\"><img fetchpriority=\"high\" decoding=\"async\" class=\"size-thumbnail wp-image-4869 aligncenter\" src=\"https:\/\/www.portalalerta.com.br\/wp-content\/uploads\/2018\/02\/Auto-Escola-Nobre-720x181.jpg\" alt=\"\" width=\"720\" height=\"181\" srcset=\"https:\/\/www.portalalerta.com.br\/wp-content\/uploads\/2018\/02\/Auto-Escola-Nobre.jpg 720w, https:\/\/www.portalalerta.com.br\/wp-content\/uploads\/2018\/02\/Auto-Escola-Nobre-260x65.jpg 260w, https:\/\/www.portalalerta.com.br\/wp-content\/uploads\/2018\/02\/Auto-Escola-Nobre-50x13.jpg 50w, https:\/\/www.portalalerta.com.br\/wp-content\/uploads\/2018\/02\/Auto-Escola-Nobre-150x38.jpg 150w\" sizes=\"(max-width: 720px) 100vw, 720px\" \/>Neste cen\u00e1rio, os policiais tentaram entrar em contato com o hospital da cidade, para realizar o socorro da v\u00edtima, mas n\u00e3o obtiveram sucesso., e resolveram, assim, resgatar o homem e encaminh\u00e1-lo \u00e0 unidade hospitalar local, onde, no entanto, ele acabou n\u00e3o resistindo e evoluindo a \u00f3bito.<\/p>\n<p style=\"text-align: justify;\">Rondas chegaram a ser realizadas pelos policiais militares, no intuito de encontrarem os autores do crime, mas at\u00e9 o momento do fechamento desta mat\u00e9ria, ningu\u00e9m tinha sido preso. O corpo da v\u00edtima foi recolhido pelo Departamento de Pol\u00edcia T\u00e9cnica (DPT) e as investiga\u00e7\u00f5es do caso foram direcionadas para a Pol\u00edcia Civil de Adustina.<\/p>\n<p style=\"text-align: justify;\">Esse \u00e9 o primeiro homic\u00eddio do ano registrado na cidade.<\/p>\n<p style=\"text-align: justify;\"><em>Fonte: Rodrygo Ferraz<\/em><\/p>\n","protected":false},"excerpt":{"rendered":"<p>Um homem identificado como Vagner Santos da Cruz, mais conhecido como \u201cPaulista\u201d foi assassinado \u00e0 tiros, por volta de 00:00h de ter\u00e7a-feira (27), na Rua do Sal, no munic\u00edpio baiano de Adustina-BA.<\/p>\n","protected":false},"author":2,"featured_media":18512,"comment_status":"open","ping_status":"open","sticky":false,"template":"","format":"standard","meta":{"om_disable_all_campaigns":false,"_monsterinsights_skip_tracking":false,"_monsterinsights_sitenote_active":false,"_monsterinsights_sitenote_note":"","_monsterinsights_sitenote_category":0,"footnotes":""},"categories":[40,70,69,32,22],"tags":[100,128,206,169],"class_list":["post-19102","post","type-post","status-publish","format-standard","has-post-thumbnail","hentry","category-adustina","category-destaques","category-noticias2","category-regiao","category-seguranca","tag-adustina","tag-disparo-de-arma-de-fogo","tag-homicidio","tag-morte"],"aioseo_notices":[],"_links":{"self":[{"href":"https:\/\/www.portalalerta.com.br\/index.php\/wp-json\/wp\/v2\/posts\/19102","targetHints":{"allow":["GET"]}}],"collection":[{"href":"https:\/\/www.portalalerta.com.br\/index.php\/wp-json\/wp\/v2\/posts"}],"about":[{"href":"https:\/\/www.portalalerta.com.br\/index.php\/wp-json\/wp\/v2\/types\/post"}],"author":[{"embeddable":true,"href":"https:\/\/www.portalalerta.com.br\/index.php\/wp-json\/wp\/v2\/users\/2"}],"replies":[{"embeddable":true,"href":"https:\/\/www.portalalerta.com.br\/index.php\/wp-json\/wp\/v2\/comments?post=19102"}],"version-history":[{"count":1,"href":"https:\/\/www.portalalerta.com.br\/index.php\/wp-json\/wp\/v2\/posts\/19102\/revisions"}],"predecessor-version":[{"id":19103,"href":"https:\/\/www.portalalerta.com.br\/index.php\/wp-json\/wp\/v2\/posts\/19102\/revisions\/19103"}],"wp:featuredmedia":[{"embeddable":true,"href":"https:\/\/www.portalalerta.com.br\/index.php\/wp-json\/wp\/v2\/media\/18512"}],"wp:attachment":[{"href":"https:\/\/www.portalalerta.com.br\/index.php\/wp-json\/wp\/v2\/media?parent=19102"}],"wp:term":[{"taxonomy":"category","embeddable":true,"href":"https:\/\/www.portalalerta.com.br\/index.php\/wp-json\/wp\/v2\/categories?post=19102"},{"taxonomy":"post_tag","embeddable":true,"href":"https:\/\/www.portalalerta.com.br\/index.php\/wp-json\/wp\/v2\/tags?post=19102"}],"curies":[{"name":"wp","href":"https:\/\/api.w.org\/{rel}","templated":true}]}}