{"id":19107,"date":"2019-08-29T18:53:23","date_gmt":"2019-08-29T21:53:23","guid":{"rendered":"https:\/\/www.portalalerta.com.br\/?p=19107"},"modified":"2019-08-29T19:04:28","modified_gmt":"2019-08-29T22:04:28","slug":"escola-maria-menezes-recebe-vereadores-em-sessao-itinerante-em-ribeira-do-pombal","status":"publish","type":"post","link":"https:\/\/www.portalalerta.com.br\/index.php\/2019\/08\/29\/escola-maria-menezes-recebe-vereadores-em-sessao-itinerante-em-ribeira-do-pombal\/","title":{"rendered":"Escola Maria Menezes recebe vereadores em Sess\u00e3o Itinerante, em Ribeira do Pombal-BA"},"content":{"rendered":"<p style=\"text-align: justify;\">Nessa quinta-feira, 29, os vereadores de Ribeira do Pombal-BA foram recebidos pelo corpo da escola Maria Menezes Cruz Concei\u00e7\u00e3o, no bairro Pombalzinho onde realizaram sess\u00e3o itinerante, atrav\u00e9s da qual foi concedida Mo\u00e7\u00e3o de Congratula\u00e7\u00f5es pela Homenagem ao Dia do Meio Ambiente, realizada pela escola no dia 5 de julho de 2019.<!--more--><\/p>\n<p style=\"text-align: justify;\"><img fetchpriority=\"high\" decoding=\"async\" class=\"size-thumbnail wp-image-18400 aligncenter\" src=\"https:\/\/www.portalalerta.com.br\/wp-content\/uploads\/2019\/07\/Real-Estilo-e-Voc\u00ea-633x240.jpeg\" alt=\"\" width=\"633\" height=\"240\" srcset=\"https:\/\/www.portalalerta.com.br\/wp-content\/uploads\/2019\/07\/Real-Estilo-e-Voc\u00ea-633x240.jpeg 633w, https:\/\/www.portalalerta.com.br\/wp-content\/uploads\/2019\/07\/Real-Estilo-e-Voc\u00ea-260x99.jpeg 260w, https:\/\/www.portalalerta.com.br\/wp-content\/uploads\/2019\/07\/Real-Estilo-e-Voc\u00ea-50x19.jpeg 50w, https:\/\/www.portalalerta.com.br\/wp-content\/uploads\/2019\/07\/Real-Estilo-e-Voc\u00ea-150x57.jpeg 150w, https:\/\/www.portalalerta.com.br\/wp-content\/uploads\/2019\/07\/Real-Estilo-e-Voc\u00ea.jpeg 720w\" sizes=\"(max-width: 633px) 100vw, 633px\" \/>Na oportunidade os alunos, professores e instrutores militares que comandam o projeto de integra\u00e7\u00e3o da escola com a PM, puderam acompanhar de perto o funcionamento do Poder Legislativa e ouvir do edis seus projetos e propostas para o bairro, assim como para o munic\u00edpio como um todo.<\/p>\n<p style=\"text-align: justify;\">A diretora da institui\u00e7\u00e3o, Rosim\u00e1ria Ara\u00fajo, agradeceu a oportunidade e convidou os membros do Poder Legislativo para conhecer melhor a escola que passa por um per\u00edodo de mudan\u00e7as com a implanta\u00e7\u00e3o do projeto CPM da Pol\u00edcia Militar.<\/p>\n<p style=\"text-align: justify;\"><em>Fonte: SECOM\/ Ribeira do Pombal<\/em><\/p>\n","protected":false},"excerpt":{"rendered":"<p>Nessa quinta-feira, 29, os vereadores de Ribeira do Pombal-BA foram recebidos pelo corpo da escola Maria Menezes Cruz Concei\u00e7\u00e3o, no bairro Pombalzinho onde realizaram sess\u00e3o itinerante, atrav\u00e9s da qual foi concedida Mo\u00e7\u00e3o de Congratula\u00e7\u00f5es pela Homenagem ao Dia do Meio Ambiente, realizada pela escola no dia 5 de julho de 2019.<\/p>\n","protected":false},"author":2,"featured_media":19108,"comment_status":"open","ping_status":"open","sticky":false,"template":"","format":"standard","meta":{"om_disable_all_campaigns":false,"_monsterinsights_skip_tracking":false,"_monsterinsights_sitenote_active":false,"_monsterinsights_sitenote_note":"","_monsterinsights_sitenote_category":0,"footnotes":""},"categories":[70,69,21,32,3],"tags":[211,1756,47,2297,135],"class_list":["post-19107","post","type-post","status-publish","format-standard","has-post-thumbnail","hentry","category-destaques","category-noticias2","category-politica","category-regiao","category-ribeira-do-pombal","tag-camara-de-vereadores","tag-escola","tag-ribeira-do-pombal","tag-sessao-itinerante","tag-vereadores"],"aioseo_notices":[],"_links":{"self":[{"href":"https:\/\/www.portalalerta.com.br\/index.php\/wp-json\/wp\/v2\/posts\/19107","targetHints":{"allow":["GET"]}}],"collection":[{"href":"https:\/\/www.portalalerta.com.br\/index.php\/wp-json\/wp\/v2\/posts"}],"about":[{"href":"https:\/\/www.portalalerta.com.br\/index.php\/wp-json\/wp\/v2\/types\/post"}],"author":[{"embeddable":true,"href":"https:\/\/www.portalalerta.com.br\/index.php\/wp-json\/wp\/v2\/users\/2"}],"replies":[{"embeddable":true,"href":"https:\/\/www.portalalerta.com.br\/index.php\/wp-json\/wp\/v2\/comments?post=19107"}],"version-history":[{"count":2,"href":"https:\/\/www.portalalerta.com.br\/index.php\/wp-json\/wp\/v2\/posts\/19107\/revisions"}],"predecessor-version":[{"id":19110,"href":"https:\/\/www.portalalerta.com.br\/index.php\/wp-json\/wp\/v2\/posts\/19107\/revisions\/19110"}],"wp:featuredmedia":[{"embeddable":true,"href":"https:\/\/www.portalalerta.com.br\/index.php\/wp-json\/wp\/v2\/media\/19108"}],"wp:attachment":[{"href":"https:\/\/www.portalalerta.com.br\/index.php\/wp-json\/wp\/v2\/media?parent=19107"}],"wp:term":[{"taxonomy":"category","embeddable":true,"href":"https:\/\/www.portalalerta.com.br\/index.php\/wp-json\/wp\/v2\/categories?post=19107"},{"taxonomy":"post_tag","embeddable":true,"href":"https:\/\/www.portalalerta.com.br\/index.php\/wp-json\/wp\/v2\/tags?post=19107"}],"curies":[{"name":"wp","href":"https:\/\/api.w.org\/{rel}","templated":true}]}}