{"id":19312,"date":"2019-09-10T13:42:15","date_gmt":"2019-09-10T16:42:15","guid":{"rendered":"https:\/\/www.portalalerta.com.br\/?p=19312"},"modified":"2019-09-10T13:42:15","modified_gmt":"2019-09-10T16:42:15","slug":"forca-tarefa-da-lava-jato-denuncia-lula-e-irmao-sob-acusacao-de-corrupcao-em-sp","status":"publish","type":"post","link":"https:\/\/www.portalalerta.com.br\/index.php\/2019\/09\/10\/forca-tarefa-da-lava-jato-denuncia-lula-e-irmao-sob-acusacao-de-corrupcao-em-sp\/","title":{"rendered":"For\u00e7a-tarefa da Lava Jato denuncia Lula e irm\u00e3o sob acusa\u00e7\u00e3o de corrup\u00e7\u00e3o em SP"},"content":{"rendered":"<p style=\"text-align: justify;\">A for\u00e7a-tarefa da Lava Jato em S\u00e3o Paulo denunciou nesta segunda-feira (9) o ex-presidente Lula e um dos irm\u00e3os dele, Jos\u00e9 Ferreira da Silva, sob acusa\u00e7\u00e3o de corrup\u00e7\u00e3o passiva continuada.<!--more--><\/p>\n<p style=\"text-align: justify;\">A den\u00fancia afirma que o irm\u00e3o, conhecido como Frei Chico, recebeu mesada da Odebrecht de 2003 a 2015 dentro de um pacote de vantagens indevidas oferecidas ao petista.<\/p>\n<p style=\"text-align: justify;\">Segundo a acusa\u00e7\u00e3o, o valor total chega a R$ 1,1 milh\u00e3o, divididos em repasses de R$ 3.000 a R$ 5.000 ao longo do per\u00edodo. Tamb\u00e9m s\u00e3o denunciados Alexandrino Alencar, delator e ex-executivo considerado elo da Odebrecht com Lula, Em\u00edlio Odebrecht, patriarca do grupo, e Marcelo Odebrecht, ex-presidente do conglomerado empresarial.<\/p>\n<p style=\"text-align: justify;\">A den\u00fancia afirma que valores foram entregues em esp\u00e9cie para Chico em encontros marcados em S\u00e3o Paulo. O relacionamento come\u00e7ou, dizem os procuradores, quando o irm\u00e3o de Lula foi procurado pelo grupo, nos anos 1990, como interlocutor com movimentos sindicais. Segundo os procuradores, \u00e0 \u00e9poca uma das empresas da Odebrecht pagava a ele por consultoria sindical, em servi\u00e7o efetivamente prestado.<\/p>\n<p style=\"text-align: justify;\"><img fetchpriority=\"high\" decoding=\"async\" class=\"size-thumbnail wp-image-4869 aligncenter\" src=\"https:\/\/www.portalalerta.com.br\/wp-content\/uploads\/2018\/02\/Auto-Escola-Nobre-720x181.jpg\" alt=\"\" width=\"720\" height=\"181\" srcset=\"https:\/\/www.portalalerta.com.br\/wp-content\/uploads\/2018\/02\/Auto-Escola-Nobre.jpg 720w, https:\/\/www.portalalerta.com.br\/wp-content\/uploads\/2018\/02\/Auto-Escola-Nobre-260x65.jpg 260w, https:\/\/www.portalalerta.com.br\/wp-content\/uploads\/2018\/02\/Auto-Escola-Nobre-50x13.jpg 50w, https:\/\/www.portalalerta.com.br\/wp-content\/uploads\/2018\/02\/Auto-Escola-Nobre-150x38.jpg 150w\" sizes=\"(max-width: 720px) 100vw, 720px\" \/>Em 2002, ano em que Lula foi eleito presidente, o contrato foi rescindido. Mais adiante, segundo a den\u00fancia, com a posse, come\u00e7aram os pagamentos peri\u00f3dicos, sem que qualquer trabalho fosse prestado. A equipe da Lava Jato diz que os repasses s\u00f3 foram interrompidos com a pris\u00e3o de Alencar, em 2015.<\/p>\n<p style=\"text-align: justify;\">A den\u00fancia, al\u00e9m de depoimentos dos delatores, cita informa\u00e7\u00f5es do sistema Drousys, usado para organizar pagamentos de propina, no qual o codinome atribu\u00eddo ao acusado \u00e9 &#8220;Metralha&#8221;.<\/p>\n<p style=\"text-align: justify;\">Lula \u00e9 inclu\u00eddo na den\u00fancia porque, segundo a acusa\u00e7\u00e3o, a Odebrecht optou pelos repasses para obter benef\u00edcios junto ao governo federal da \u00e9poca. Como contrapartida, \u00e9 mencionada a articula\u00e7\u00e3o da empresa para evitar o retorno da Petrobras ao setor petroqu\u00edmico, onde a Odebrecht atua por meio da Braskem.<\/p>\n<p style=\"text-align: justify;\">Tamb\u00e9m foi inclu\u00eddo na den\u00fancia um email de 2010 em que Alexandrino Alencar fala em &#8220;manter o programa do irm\u00e3o do chefe&#8221;.<\/p>\n<p style=\"text-align: justify;\">Frei Chico \u00e9 considerado o respons\u00e1vel por introduzir Lula no movimento sindical no ABC paulista, no anos 1970.<\/p>\n<p style=\"text-align: justify;\">O ex-presidente tem negado ter recebido vantagens relatadas na dela\u00e7\u00e3o da Odebrecht, homologada em 2017.<\/p>\n<p style=\"text-align: justify;\">A defesa vem afirmando que ele tem sido alvo de persegui\u00e7\u00e3o judicial em processos no Paran\u00e1, S\u00e3o Paulo e no Distrito Federal.<\/p>\n<p style=\"text-align: justify;\">Lula est\u00e1 preso desde abril em 2018 em Curitiba, cumprindo pena por condena\u00e7\u00e3o por corrup\u00e7\u00e3o e lavagem no caso do tr\u00edplex de Guaruj\u00e1 (SP).<\/p>\n<p style=\"text-align: justify;\"><em>Fonte: Yahoo Not\u00edcias<\/em><\/p>\n","protected":false},"excerpt":{"rendered":"<p>A for\u00e7a-tarefa da Lava Jato em S\u00e3o Paulo denunciou nesta segunda-feira (9) o ex-presidente Lula e um dos irm\u00e3os dele, Jos\u00e9 Ferreira da Silva, sob acusa\u00e7\u00e3o de corrup\u00e7\u00e3o passiva continuada.<\/p>\n","protected":false},"author":2,"featured_media":16549,"comment_status":"open","ping_status":"open","sticky":false,"template":"","format":"standard","meta":{"om_disable_all_campaigns":false,"_monsterinsights_skip_tracking":false,"_monsterinsights_sitenote_active":false,"_monsterinsights_sitenote_note":"","_monsterinsights_sitenote_category":0,"footnotes":""},"categories":[34,70,69,21],"tags":[93,152,247,303,237],"class_list":["post-19312","post","type-post","status-publish","format-standard","has-post-thumbnail","hentry","category-brasil","category-destaques","category-noticias2","category-politica","tag-brasil","tag-denuncia","tag-lava-jato","tag-lula","tag-odebrecht"],"aioseo_notices":[],"_links":{"self":[{"href":"https:\/\/www.portalalerta.com.br\/index.php\/wp-json\/wp\/v2\/posts\/19312","targetHints":{"allow":["GET"]}}],"collection":[{"href":"https:\/\/www.portalalerta.com.br\/index.php\/wp-json\/wp\/v2\/posts"}],"about":[{"href":"https:\/\/www.portalalerta.com.br\/index.php\/wp-json\/wp\/v2\/types\/post"}],"author":[{"embeddable":true,"href":"https:\/\/www.portalalerta.com.br\/index.php\/wp-json\/wp\/v2\/users\/2"}],"replies":[{"embeddable":true,"href":"https:\/\/www.portalalerta.com.br\/index.php\/wp-json\/wp\/v2\/comments?post=19312"}],"version-history":[{"count":1,"href":"https:\/\/www.portalalerta.com.br\/index.php\/wp-json\/wp\/v2\/posts\/19312\/revisions"}],"predecessor-version":[{"id":19313,"href":"https:\/\/www.portalalerta.com.br\/index.php\/wp-json\/wp\/v2\/posts\/19312\/revisions\/19313"}],"wp:featuredmedia":[{"embeddable":true,"href":"https:\/\/www.portalalerta.com.br\/index.php\/wp-json\/wp\/v2\/media\/16549"}],"wp:attachment":[{"href":"https:\/\/www.portalalerta.com.br\/index.php\/wp-json\/wp\/v2\/media?parent=19312"}],"wp:term":[{"taxonomy":"category","embeddable":true,"href":"https:\/\/www.portalalerta.com.br\/index.php\/wp-json\/wp\/v2\/categories?post=19312"},{"taxonomy":"post_tag","embeddable":true,"href":"https:\/\/www.portalalerta.com.br\/index.php\/wp-json\/wp\/v2\/tags?post=19312"}],"curies":[{"name":"wp","href":"https:\/\/api.w.org\/{rel}","templated":true}]}}