{"id":19314,"date":"2019-09-10T13:52:35","date_gmt":"2019-09-10T16:52:35","guid":{"rendered":"https:\/\/www.portalalerta.com.br\/?p=19314"},"modified":"2019-09-10T13:52:35","modified_gmt":"2019-09-10T16:52:35","slug":"corrida-da-independencia-promovida-pela-cipe-nordeste-reune-cerca-de-200-atletas-em-ribeira-do-pombal-ba","status":"publish","type":"post","link":"https:\/\/www.portalalerta.com.br\/index.php\/2019\/09\/10\/corrida-da-independencia-promovida-pela-cipe-nordeste-reune-cerca-de-200-atletas-em-ribeira-do-pombal-ba\/","title":{"rendered":"Corrida da Independ\u00eancia promovida pela Cipe Nordeste re\u00fane cerca de 200 atletas em Ribeira do Pombal-BA"},"content":{"rendered":"<p style=\"text-align: justify;\">A Companhia Independente de Pol\u00edcia Especializada (Cipe) Nordeste realizou no domingo (8), na cidade de Ribeira do Pombal, a 1\u00aa Corrida da Independ\u00eancia, em homenagem \u00e0 data de comemora\u00e7\u00e3o da conquista da soberania brasileira. A\u00e7\u00e3o reuniu cerca de 200 atletas de diversos munic\u00edpios da Bahia. Medalhas, brindes e trof\u00e9us foram entregues aos primeiros colocados.<!--more--><\/p>\n<p style=\"text-align: justify;\"><img fetchpriority=\"high\" decoding=\"async\" class=\"size-thumbnail wp-image-18400 aligncenter\" src=\"https:\/\/www.portalalerta.com.br\/wp-content\/uploads\/2019\/07\/Real-Estilo-e-Voc\u00ea-633x240.jpeg\" alt=\"\" width=\"633\" height=\"240\" srcset=\"https:\/\/www.portalalerta.com.br\/wp-content\/uploads\/2019\/07\/Real-Estilo-e-Voc\u00ea-633x240.jpeg 633w, https:\/\/www.portalalerta.com.br\/wp-content\/uploads\/2019\/07\/Real-Estilo-e-Voc\u00ea-260x99.jpeg 260w, https:\/\/www.portalalerta.com.br\/wp-content\/uploads\/2019\/07\/Real-Estilo-e-Voc\u00ea-50x19.jpeg 50w, https:\/\/www.portalalerta.com.br\/wp-content\/uploads\/2019\/07\/Real-Estilo-e-Voc\u00ea-150x57.jpeg 150w, https:\/\/www.portalalerta.com.br\/wp-content\/uploads\/2019\/07\/Real-Estilo-e-Voc\u00ea.jpeg 720w\" sizes=\"(max-width: 633px) 100vw, 633px\" \/>Atletas das cidades de Tucano, Paulo Afonso, Euclides da Cunha, C\u00edcero Dantas, Cip\u00f3, Rio Real, Nova Soure, Araci e demais regi\u00e3o participaram da corrida que teve um percurso de cinco quil\u00f4metros. Ao final todos os esportistas visitaram as instala\u00e7\u00f5es da Cipe Nordeste.<\/p>\n<p style=\"text-align: justify;\">&#8220;A corrida foi alinhada com o feriado de 7 de setembro para justamente a popula\u00e7\u00e3o participar dessa a\u00e7\u00e3o&#8221;, enfatizou o comandante da Cipe Nordeste, major Wellington Morais.<\/p>\n<p style=\"text-align: justify;\"><em><img decoding=\"async\" class=\"aligncenter wp-image-19316 size-full\" src=\"https:\/\/www.portalalerta.com.br\/wp-content\/uploads\/2019\/09\/Corrida-da-Independ\u00eancia-2019.2.jpeg\" alt=\"\" width=\"720\" height=\"547\" srcset=\"https:\/\/www.portalalerta.com.br\/wp-content\/uploads\/2019\/09\/Corrida-da-Independ\u00eancia-2019.2.jpeg 720w, https:\/\/www.portalalerta.com.br\/wp-content\/uploads\/2019\/09\/Corrida-da-Independ\u00eancia-2019.2-316x240.jpeg 316w, https:\/\/www.portalalerta.com.br\/wp-content\/uploads\/2019\/09\/Corrida-da-Independ\u00eancia-2019.2-192x146.jpeg 192w, https:\/\/www.portalalerta.com.br\/wp-content\/uploads\/2019\/09\/Corrida-da-Independ\u00eancia-2019.2-50x38.jpeg 50w, https:\/\/www.portalalerta.com.br\/wp-content\/uploads\/2019\/09\/Corrida-da-Independ\u00eancia-2019.2-99x75.jpeg 99w\" sizes=\"(max-width: 720px) 100vw, 720px\" \/><\/em><\/p>\n<p style=\"text-align: justify;\"><em> <img decoding=\"async\" class=\"aligncenter wp-image-19317 size-full\" src=\"https:\/\/www.portalalerta.com.br\/wp-content\/uploads\/2019\/09\/Corrida-da-Independ\u00eancia-2019.3.jpeg\" alt=\"\" width=\"720\" height=\"509\" srcset=\"https:\/\/www.portalalerta.com.br\/wp-content\/uploads\/2019\/09\/Corrida-da-Independ\u00eancia-2019.3.jpeg 720w, https:\/\/www.portalalerta.com.br\/wp-content\/uploads\/2019\/09\/Corrida-da-Independ\u00eancia-2019.3-339x240.jpeg 339w, https:\/\/www.portalalerta.com.br\/wp-content\/uploads\/2019\/09\/Corrida-da-Independ\u00eancia-2019.3-207x146.jpeg 207w, https:\/\/www.portalalerta.com.br\/wp-content\/uploads\/2019\/09\/Corrida-da-Independ\u00eancia-2019.3-50x35.jpeg 50w, https:\/\/www.portalalerta.com.br\/wp-content\/uploads\/2019\/09\/Corrida-da-Independ\u00eancia-2019.3-106x75.jpeg 106w\" sizes=\"(max-width: 720px) 100vw, 720px\" \/><\/em><\/p>\n<p style=\"text-align: justify;\"><em> <img loading=\"lazy\" decoding=\"async\" class=\"aligncenter wp-image-19318 size-full\" src=\"https:\/\/www.portalalerta.com.br\/wp-content\/uploads\/2019\/09\/Corrida-da-Independ\u00eancia-2019.4.jpeg\" alt=\"\" width=\"720\" height=\"613\" srcset=\"https:\/\/www.portalalerta.com.br\/wp-content\/uploads\/2019\/09\/Corrida-da-Independ\u00eancia-2019.4.jpeg 720w, https:\/\/www.portalalerta.com.br\/wp-content\/uploads\/2019\/09\/Corrida-da-Independ\u00eancia-2019.4-282x240.jpeg 282w, https:\/\/www.portalalerta.com.br\/wp-content\/uploads\/2019\/09\/Corrida-da-Independ\u00eancia-2019.4-171x146.jpeg 171w, https:\/\/www.portalalerta.com.br\/wp-content\/uploads\/2019\/09\/Corrida-da-Independ\u00eancia-2019.4-50x43.jpeg 50w, https:\/\/www.portalalerta.com.br\/wp-content\/uploads\/2019\/09\/Corrida-da-Independ\u00eancia-2019.4-88x75.jpeg 88w\" sizes=\"(max-width: 720px) 100vw, 720px\" \/><\/em><\/p>\n<p style=\"text-align: justify;\"><em> <img loading=\"lazy\" decoding=\"async\" class=\"aligncenter wp-image-19319 size-full\" src=\"https:\/\/www.portalalerta.com.br\/wp-content\/uploads\/2019\/09\/Corrida-da-Independ\u00eancia-2019.5.jpeg\" alt=\"\" width=\"720\" height=\"332\" srcset=\"https:\/\/www.portalalerta.com.br\/wp-content\/uploads\/2019\/09\/Corrida-da-Independ\u00eancia-2019.5.jpeg 720w, https:\/\/www.portalalerta.com.br\/wp-content\/uploads\/2019\/09\/Corrida-da-Independ\u00eancia-2019.5-520x240.jpeg 520w, https:\/\/www.portalalerta.com.br\/wp-content\/uploads\/2019\/09\/Corrida-da-Independ\u00eancia-2019.5-260x120.jpeg 260w, https:\/\/www.portalalerta.com.br\/wp-content\/uploads\/2019\/09\/Corrida-da-Independ\u00eancia-2019.5-50x23.jpeg 50w, https:\/\/www.portalalerta.com.br\/wp-content\/uploads\/2019\/09\/Corrida-da-Independ\u00eancia-2019.5-150x69.jpeg 150w\" sizes=\"(max-width: 720px) 100vw, 720px\" \/><\/em><\/p>\n<p style=\"text-align: justify;\"><em>Fonte: SECOM\/ Bahia<\/em><\/p>\n","protected":false},"excerpt":{"rendered":"<p>A Companhia Independente de Pol\u00edcia Especializada (Cipe) Nordeste realizou no domingo (8), na cidade de Ribeira do Pombal, a 1\u00aa Corrida da Independ\u00eancia, em homenagem \u00e0 data de comemora\u00e7\u00e3o da conquista da soberania brasileira. A\u00e7\u00e3o reuniu cerca de 200 atletas de diversos munic\u00edpios da Bahia. Medalhas, brindes e trof\u00e9us foram entregues aos primeiros colocados.<\/p>\n","protected":false},"author":2,"featured_media":19315,"comment_status":"open","ping_status":"open","sticky":false,"template":"","format":"standard","meta":{"om_disable_all_campaigns":false,"_monsterinsights_skip_tracking":false,"_monsterinsights_sitenote_active":false,"_monsterinsights_sitenote_note":"","_monsterinsights_sitenote_category":0,"footnotes":""},"categories":[41,4,13,70,2,17,69,14,32,3,12],"tags":[3104,48,75,167,45,3086,129,106,118,79,94,47,553,190],"class_list":["post-19314","post","type-post","status-publish","format-standard","has-post-thumbnail","hentry","category-araci","category-cicero-dantas","category-cipo","category-destaques","category-esportes","category-euclides-da-cunha","category-noticias2","category-nova-soure","category-regiao","category-ribeira-do-pombal","category-tucano","tag-7-de-setembro","tag-araci","tag-cicero-dantas","tag-cipe-nordeste","tag-cipo","tag-corrida-da-independencia","tag-euclides-da-cunha","tag-nova-soure","tag-paulo-afonso","tag-policia-militar","tag-presidente","tag-ribeira-do-pombal","tag-rio-real","tag-tucano"],"aioseo_notices":[],"_links":{"self":[{"href":"https:\/\/www.portalalerta.com.br\/index.php\/wp-json\/wp\/v2\/posts\/19314","targetHints":{"allow":["GET"]}}],"collection":[{"href":"https:\/\/www.portalalerta.com.br\/index.php\/wp-json\/wp\/v2\/posts"}],"about":[{"href":"https:\/\/www.portalalerta.com.br\/index.php\/wp-json\/wp\/v2\/types\/post"}],"author":[{"embeddable":true,"href":"https:\/\/www.portalalerta.com.br\/index.php\/wp-json\/wp\/v2\/users\/2"}],"replies":[{"embeddable":true,"href":"https:\/\/www.portalalerta.com.br\/index.php\/wp-json\/wp\/v2\/comments?post=19314"}],"version-history":[{"count":1,"href":"https:\/\/www.portalalerta.com.br\/index.php\/wp-json\/wp\/v2\/posts\/19314\/revisions"}],"predecessor-version":[{"id":19320,"href":"https:\/\/www.portalalerta.com.br\/index.php\/wp-json\/wp\/v2\/posts\/19314\/revisions\/19320"}],"wp:featuredmedia":[{"embeddable":true,"href":"https:\/\/www.portalalerta.com.br\/index.php\/wp-json\/wp\/v2\/media\/19315"}],"wp:attachment":[{"href":"https:\/\/www.portalalerta.com.br\/index.php\/wp-json\/wp\/v2\/media?parent=19314"}],"wp:term":[{"taxonomy":"category","embeddable":true,"href":"https:\/\/www.portalalerta.com.br\/index.php\/wp-json\/wp\/v2\/categories?post=19314"},{"taxonomy":"post_tag","embeddable":true,"href":"https:\/\/www.portalalerta.com.br\/index.php\/wp-json\/wp\/v2\/tags?post=19314"}],"curies":[{"name":"wp","href":"https:\/\/api.w.org\/{rel}","templated":true}]}}