{"id":19321,"date":"2019-09-11T00:46:01","date_gmt":"2019-09-11T03:46:01","guid":{"rendered":"https:\/\/www.portalalerta.com.br\/?p=19321"},"modified":"2019-09-11T00:46:01","modified_gmt":"2019-09-11T03:46:01","slug":"homem-e-preso-por-estupro-de-vulneravel-em-jeremoabo-ba","status":"publish","type":"post","link":"https:\/\/www.portalalerta.com.br\/index.php\/2019\/09\/11\/homem-e-preso-por-estupro-de-vulneravel-em-jeremoabo-ba\/","title":{"rendered":"Homem \u00e9 preso por estupro de vulner\u00e1vel em Jeremoabo-BA"},"content":{"rendered":"<p style=\"text-align: justify;\">Na segunda-feira (09), Jos\u00e9 Anderson Concei\u00e7\u00e3o Santana teve a pris\u00e3o convertida em preventiva por ter sido autuado em flagrante por estupro de vulner\u00e1vel em Jeremoabo-BA.<!--more--><\/p>\n<p style=\"text-align: justify;\"><img fetchpriority=\"high\" decoding=\"async\" class=\"size-thumbnail wp-image-4869 aligncenter\" src=\"https:\/\/www.portalalerta.com.br\/wp-content\/uploads\/2018\/02\/Auto-Escola-Nobre-720x181.jpg\" alt=\"\" width=\"720\" height=\"181\" srcset=\"https:\/\/www.portalalerta.com.br\/wp-content\/uploads\/2018\/02\/Auto-Escola-Nobre.jpg 720w, https:\/\/www.portalalerta.com.br\/wp-content\/uploads\/2018\/02\/Auto-Escola-Nobre-260x65.jpg 260w, https:\/\/www.portalalerta.com.br\/wp-content\/uploads\/2018\/02\/Auto-Escola-Nobre-50x13.jpg 50w, https:\/\/www.portalalerta.com.br\/wp-content\/uploads\/2018\/02\/Auto-Escola-Nobre-150x38.jpg 150w\" sizes=\"(max-width: 720px) 100vw, 720px\" \/>O criminoso havia sido flagrado por investigadores daquela unidade, em a\u00e7\u00e3o conjunta com policiais militares do munic\u00edpio. Conhecido como Shrek, Jos\u00e9 Anderson dever\u00e1 ser encaminhado ao sistema prisional.<\/p>\n<figure id=\"attachment_19322\" aria-describedby=\"caption-attachment-19322\" style=\"width: 500px\" class=\"wp-caption aligncenter\"><img decoding=\"async\" class=\"wp-image-19322 size-full\" src=\"https:\/\/www.portalalerta.com.br\/wp-content\/uploads\/2019\/09\/Jos\u00e9-Anderson-Concei\u00e7\u00e3o-Santana.jpg\" alt=\"\" width=\"500\" height=\"300\" srcset=\"https:\/\/www.portalalerta.com.br\/wp-content\/uploads\/2019\/09\/Jos\u00e9-Anderson-Concei\u00e7\u00e3o-Santana.jpg 500w, https:\/\/www.portalalerta.com.br\/wp-content\/uploads\/2019\/09\/Jos\u00e9-Anderson-Concei\u00e7\u00e3o-Santana-400x240.jpg 400w, https:\/\/www.portalalerta.com.br\/wp-content\/uploads\/2019\/09\/Jos\u00e9-Anderson-Concei\u00e7\u00e3o-Santana-243x146.jpg 243w, https:\/\/www.portalalerta.com.br\/wp-content\/uploads\/2019\/09\/Jos\u00e9-Anderson-Concei\u00e7\u00e3o-Santana-50x30.jpg 50w, https:\/\/www.portalalerta.com.br\/wp-content\/uploads\/2019\/09\/Jos\u00e9-Anderson-Concei\u00e7\u00e3o-Santana-125x75.jpg 125w, https:\/\/www.portalalerta.com.br\/wp-content\/uploads\/2019\/09\/Jos\u00e9-Anderson-Concei\u00e7\u00e3o-Santana-250x150.jpg 250w\" sizes=\"(max-width: 500px) 100vw, 500px\" \/><figcaption id=\"caption-attachment-19322\" class=\"wp-caption-text\">Jos\u00e9 Anderson \u00e9 acusado de cometer estupro de vulner\u00e1vel<\/figcaption><\/figure>\n<p style=\"text-align: justify;\"><em>Fonte: A Voz do Campo<\/em><\/p>\n","protected":false},"excerpt":{"rendered":"<p>Na segunda-feira (09), Jos\u00e9 Anderson Concei\u00e7\u00e3o Santana teve a pris\u00e3o convertida em preventiva por ter sido autuado em flagrante por estupro de vulner\u00e1vel em Jeremoabo-BA.<\/p>\n","protected":false},"author":2,"featured_media":3047,"comment_status":"open","ping_status":"open","sticky":false,"template":"","format":"standard","meta":{"om_disable_all_campaigns":false,"_monsterinsights_skip_tracking":false,"_monsterinsights_sitenote_active":false,"_monsterinsights_sitenote_note":"","_monsterinsights_sitenote_category":0,"footnotes":""},"categories":[70,9,69,32,22],"tags":[438,230,122,79,77],"class_list":["post-19321","post","type-post","status-publish","format-standard","has-post-thumbnail","hentry","category-destaques","category-jeremoabo","category-noticias2","category-regiao","category-seguranca","tag-estupro-de-vulneravel","tag-jeremoabo","tag-policia-civil","tag-policia-militar","tag-preso"],"aioseo_notices":[],"_links":{"self":[{"href":"https:\/\/www.portalalerta.com.br\/index.php\/wp-json\/wp\/v2\/posts\/19321","targetHints":{"allow":["GET"]}}],"collection":[{"href":"https:\/\/www.portalalerta.com.br\/index.php\/wp-json\/wp\/v2\/posts"}],"about":[{"href":"https:\/\/www.portalalerta.com.br\/index.php\/wp-json\/wp\/v2\/types\/post"}],"author":[{"embeddable":true,"href":"https:\/\/www.portalalerta.com.br\/index.php\/wp-json\/wp\/v2\/users\/2"}],"replies":[{"embeddable":true,"href":"https:\/\/www.portalalerta.com.br\/index.php\/wp-json\/wp\/v2\/comments?post=19321"}],"version-history":[{"count":1,"href":"https:\/\/www.portalalerta.com.br\/index.php\/wp-json\/wp\/v2\/posts\/19321\/revisions"}],"predecessor-version":[{"id":19323,"href":"https:\/\/www.portalalerta.com.br\/index.php\/wp-json\/wp\/v2\/posts\/19321\/revisions\/19323"}],"wp:featuredmedia":[{"embeddable":true,"href":"https:\/\/www.portalalerta.com.br\/index.php\/wp-json\/wp\/v2\/media\/3047"}],"wp:attachment":[{"href":"https:\/\/www.portalalerta.com.br\/index.php\/wp-json\/wp\/v2\/media?parent=19321"}],"wp:term":[{"taxonomy":"category","embeddable":true,"href":"https:\/\/www.portalalerta.com.br\/index.php\/wp-json\/wp\/v2\/categories?post=19321"},{"taxonomy":"post_tag","embeddable":true,"href":"https:\/\/www.portalalerta.com.br\/index.php\/wp-json\/wp\/v2\/tags?post=19321"}],"curies":[{"name":"wp","href":"https:\/\/api.w.org\/{rel}","templated":true}]}}