{"id":19433,"date":"2019-09-16T23:55:38","date_gmt":"2019-09-17T02:55:38","guid":{"rendered":"https:\/\/www.portalalerta.com.br\/?p=19433"},"modified":"2019-09-16T23:55:38","modified_gmt":"2019-09-17T02:55:38","slug":"acusado-de-homicidio-e-preso-em-ribeira-do-pombal-ba","status":"publish","type":"post","link":"https:\/\/www.portalalerta.com.br\/index.php\/2019\/09\/16\/acusado-de-homicidio-e-preso-em-ribeira-do-pombal-ba\/","title":{"rendered":"Acusado de homic\u00eddio \u00e9 preso em Ribeira do Pombal-BA"},"content":{"rendered":"<p style=\"text-align: justify;\">Por volta das 11:40hs desta segunda-feira, 16, policiais civis de Ribeira do Pombal-BA, se dirigiram at\u00e9 a Rua Aracaju, no referido munic\u00edpio, onde cumpriram um Mandado de Pris\u00e3o em desfavor de Mauro Jesus dos Santos (Mauro da Rua Aracaju).<!--more--><\/p>\n<p style=\"text-align: justify;\"><img fetchpriority=\"high\" decoding=\"async\" class=\"size-thumbnail wp-image-18400 aligncenter\" src=\"https:\/\/www.portalalerta.com.br\/wp-content\/uploads\/2019\/07\/Real-Estilo-e-Voc\u00ea-633x240.jpeg\" alt=\"\" width=\"633\" height=\"240\" srcset=\"https:\/\/www.portalalerta.com.br\/wp-content\/uploads\/2019\/07\/Real-Estilo-e-Voc\u00ea-633x240.jpeg 633w, https:\/\/www.portalalerta.com.br\/wp-content\/uploads\/2019\/07\/Real-Estilo-e-Voc\u00ea-260x99.jpeg 260w, https:\/\/www.portalalerta.com.br\/wp-content\/uploads\/2019\/07\/Real-Estilo-e-Voc\u00ea-50x19.jpeg 50w, https:\/\/www.portalalerta.com.br\/wp-content\/uploads\/2019\/07\/Real-Estilo-e-Voc\u00ea-150x57.jpeg 150w, https:\/\/www.portalalerta.com.br\/wp-content\/uploads\/2019\/07\/Real-Estilo-e-Voc\u00ea.jpeg 720w\" sizes=\"(max-width: 633px) 100vw, 633px\" \/>A pris\u00e3o foi realizada ap\u00f3s investiga\u00e7\u00f5es realizadas entre policiais civis da cidade, e militares do Servi\u00e7o de Investiga\u00e7\u00e3o da 21\u00aa CIPM. Mauro \u00e9 acusado de ter cometido um homic\u00eddio que vitimou Iury Costa Santana, fato ocorrido em 13\/04\/2017, e desde ent\u00e3o se encontrava na condi\u00e7\u00e3o de procurado.<\/p>\n<figure id=\"attachment_19434\" aria-describedby=\"caption-attachment-19434\" style=\"width: 600px\" class=\"wp-caption aligncenter\"><img decoding=\"async\" class=\"wp-image-19434 size-full\" src=\"https:\/\/www.portalalerta.com.br\/wp-content\/uploads\/2019\/09\/Yuri-Costa-Santana.jpg\" alt=\"\" width=\"600\" height=\"338\" srcset=\"https:\/\/www.portalalerta.com.br\/wp-content\/uploads\/2019\/09\/Yuri-Costa-Santana.jpg 600w, https:\/\/www.portalalerta.com.br\/wp-content\/uploads\/2019\/09\/Yuri-Costa-Santana-426x240.jpg 426w, https:\/\/www.portalalerta.com.br\/wp-content\/uploads\/2019\/09\/Yuri-Costa-Santana-260x146.jpg 260w, https:\/\/www.portalalerta.com.br\/wp-content\/uploads\/2019\/09\/Yuri-Costa-Santana-50x28.jpg 50w, https:\/\/www.portalalerta.com.br\/wp-content\/uploads\/2019\/09\/Yuri-Costa-Santana-133x75.jpg 133w\" sizes=\"(max-width: 600px) 100vw, 600px\" \/><figcaption id=\"caption-attachment-19434\" class=\"wp-caption-text\">Yuri foi assassinado em 2017<\/figcaption><\/figure>\n<p style=\"text-align: justify;\">Com a pris\u00e3o, Mauro foi conduzido para a carceragem da Delegacia de Pol\u00edcia Civil de Ribeira do Pombal-BA, onde se encontra \u00e0 disposi\u00e7\u00e3o da justi\u00e7a.<\/p>\n<p style=\"text-align: justify;\"><em>Reda\u00e7\u00e3o: Portal Alerta<\/em><\/p>\n","protected":false},"excerpt":{"rendered":"<p>Por volta das 11:40hs desta segunda-feira, 16, policiais civis de Ribeira do Pombal-BA, se dirigiram at\u00e9 a Rua Aracaju, no referido munic\u00edpio, onde cumpriram um Mandado de Pris\u00e3o em desfavor de Mauro Jesus dos Santos (Mauro da Rua Aracaju).<\/p>\n","protected":false},"author":2,"featured_media":19436,"comment_status":"open","ping_status":"open","sticky":false,"template":"","format":"standard","meta":{"om_disable_all_campaigns":false,"_monsterinsights_skip_tracking":false,"_monsterinsights_sitenote_active":false,"_monsterinsights_sitenote_note":"","_monsterinsights_sitenote_category":0,"footnotes":""},"categories":[70,69,32,3,22],"tags":[206,488,169,122,77,47],"class_list":["post-19433","post","type-post","status-publish","format-standard","has-post-thumbnail","hentry","category-destaques","category-noticias2","category-regiao","category-ribeira-do-pombal","category-seguranca","tag-homicidio","tag-mandado-de-prisao","tag-morte","tag-policia-civil","tag-preso","tag-ribeira-do-pombal"],"aioseo_notices":[],"_links":{"self":[{"href":"https:\/\/www.portalalerta.com.br\/index.php\/wp-json\/wp\/v2\/posts\/19433","targetHints":{"allow":["GET"]}}],"collection":[{"href":"https:\/\/www.portalalerta.com.br\/index.php\/wp-json\/wp\/v2\/posts"}],"about":[{"href":"https:\/\/www.portalalerta.com.br\/index.php\/wp-json\/wp\/v2\/types\/post"}],"author":[{"embeddable":true,"href":"https:\/\/www.portalalerta.com.br\/index.php\/wp-json\/wp\/v2\/users\/2"}],"replies":[{"embeddable":true,"href":"https:\/\/www.portalalerta.com.br\/index.php\/wp-json\/wp\/v2\/comments?post=19433"}],"version-history":[{"count":1,"href":"https:\/\/www.portalalerta.com.br\/index.php\/wp-json\/wp\/v2\/posts\/19433\/revisions"}],"predecessor-version":[{"id":19437,"href":"https:\/\/www.portalalerta.com.br\/index.php\/wp-json\/wp\/v2\/posts\/19433\/revisions\/19437"}],"wp:featuredmedia":[{"embeddable":true,"href":"https:\/\/www.portalalerta.com.br\/index.php\/wp-json\/wp\/v2\/media\/19436"}],"wp:attachment":[{"href":"https:\/\/www.portalalerta.com.br\/index.php\/wp-json\/wp\/v2\/media?parent=19433"}],"wp:term":[{"taxonomy":"category","embeddable":true,"href":"https:\/\/www.portalalerta.com.br\/index.php\/wp-json\/wp\/v2\/categories?post=19433"},{"taxonomy":"post_tag","embeddable":true,"href":"https:\/\/www.portalalerta.com.br\/index.php\/wp-json\/wp\/v2\/tags?post=19433"}],"curies":[{"name":"wp","href":"https:\/\/api.w.org\/{rel}","templated":true}]}}