{"id":19438,"date":"2019-09-17T11:14:17","date_gmt":"2019-09-17T14:14:17","guid":{"rendered":"https:\/\/www.portalalerta.com.br\/?p=19438"},"modified":"2019-09-17T11:14:17","modified_gmt":"2019-09-17T14:14:17","slug":"ribeira-do-pombal-ba-policia-intercepta-veiculo-com-fuzis-e-dinamites-que-seriam-utilizados-em-explosao-de-carro-forte","status":"publish","type":"post","link":"https:\/\/www.portalalerta.com.br\/index.php\/2019\/09\/17\/ribeira-do-pombal-ba-policia-intercepta-veiculo-com-fuzis-e-dinamites-que-seriam-utilizados-em-explosao-de-carro-forte\/","title":{"rendered":"Ribeira do Pombal-BA: Pol\u00edcia intercepta ve\u00edculo com fuzis e dinamites que seriam utilizados em explos\u00e3o de carro forte"},"content":{"rendered":"<p style=\"text-align: justify;\">Por volta das 21:45hs de segunda-feira, 16, Policiais Rodovi\u00e1rios Federais que realizavam fiscaliza\u00e7\u00e3o na BR 110, mais precisamente no quil\u00f4metro 170, em Ribeira do Pombal-BA, momento em que visualizaram uma picape Fiat Toro de cor cinza, Placa Policial PDS 2088, com licen\u00e7a de Moreno-PE, com restri\u00e7\u00e3o de furto\/ roubo, que fez uma manobra brusca na referida rodovia, sendo estacionada num estabelecimento comercial.<!--more--><\/p>\n<p style=\"text-align: justify;\"><img fetchpriority=\"high\" decoding=\"async\" class=\"size-full wp-image-2902 alignleft\" src=\"https:\/\/www.portalalerta.com.br\/wp-content\/uploads\/2017\/11\/elab-2.jpg\" alt=\"\" width=\"310\" height=\"200\" srcset=\"https:\/\/www.portalalerta.com.br\/wp-content\/uploads\/2017\/11\/elab-2.jpg 310w, https:\/\/www.portalalerta.com.br\/wp-content\/uploads\/2017\/11\/elab-2-226x146.jpg 226w, https:\/\/www.portalalerta.com.br\/wp-content\/uploads\/2017\/11\/elab-2-50x32.jpg 50w, https:\/\/www.portalalerta.com.br\/wp-content\/uploads\/2017\/11\/elab-2-116x75.jpg 116w\" sizes=\"(max-width: 310px) 100vw, 310px\" \/>Os policiais decidiram proceder com a abordagem, e ao se aproximarem da picape, perceberam que um homem pulava uma grade de acesso ao estabelecimento em quest\u00e3o. O local foi alvo de buscas, por\u00e9m o suspeito n\u00e3o foi encontrado. J\u00e1 no interior do ve\u00edculo foram encontrados: 02 fuzis cal. 5,56; 66 muni\u00e7\u00f5es intactas cal. 5,56; coletes bal\u00edsticos, 60 emuls\u00f5es; espoleta com estopim; e Cordel Detonante; e uma quantia em dinheiro n\u00e3o divulgada.<\/p>\n<p style=\"text-align: justify;\">Foi solicitado o apoio da Pol\u00edcia Militar, que ao realizar buscas pela cidade, encontrou Galdino Coelho Feitosa Neto, 27 anos, que ao ser indagado a respeito do material apreendido, o mesmo afirmou que seria utilizado num roubo a um Carro Forte da PROSSEGUR no munic\u00edpio em Tancredo Neves-BA<\/p>\n<p style=\"text-align: justify;\">Tanto Galdino, quanto o material apreendido, foram conduzidos para a Delegacia de Pol\u00edcia Civil da cidade, onde foi registrado o flagrante.<\/p>\n<p style=\"text-align: justify;\">Reda\u00e7\u00e3o: Portal Alerta<\/p>\n<p style=\"text-align: justify;\">Com informa\u00e7\u00f5es: Rep\u00f3rter Paulo Andrade (R\u00e1dio Pombal FM)<\/p>\n","protected":false},"excerpt":{"rendered":"<p>Por volta das 21:45hs de segunda-feira, 16, Policiais Rodovi\u00e1rios Federais que realizavam fiscaliza\u00e7\u00e3o na BR 110, mais precisamente no quil\u00f4metro 170, em Ribeira do Pombal-BA, momento em que visualizaram uma picape Fiat Toro de cor cinza, Placa Policial PDS 2088, com licen\u00e7a de Moreno-PE, com restri\u00e7\u00e3o de furto\/ roubo, que fez uma manobra brusca na &hellip;<\/p>\n","protected":false},"author":2,"featured_media":19439,"comment_status":"open","ping_status":"open","sticky":false,"template":"","format":"standard","meta":{"om_disable_all_campaigns":false,"_monsterinsights_skip_tracking":false,"_monsterinsights_sitenote_active":false,"_monsterinsights_sitenote_note":"","_monsterinsights_sitenote_category":0,"footnotes":""},"categories":[70,69,32,3,22],"tags":[127,2131,741,167,79,83,1139,149,47],"class_list":["post-19438","post","type-post","status-publish","format-standard","has-post-thumbnail","hentry","category-destaques","category-noticias2","category-regiao","category-ribeira-do-pombal","category-seguranca","tag-2o-pelotao","tag-assaltante-preso","tag-assalto-a-carro-forte","tag-cipe-nordeste","tag-policia-militar","tag-porte-ilegal-de-arma-de-fogo","tag-presidente-tancredo-neves","tag-prf","tag-ribeira-do-pombal"],"aioseo_notices":[],"_links":{"self":[{"href":"https:\/\/www.portalalerta.com.br\/index.php\/wp-json\/wp\/v2\/posts\/19438","targetHints":{"allow":["GET"]}}],"collection":[{"href":"https:\/\/www.portalalerta.com.br\/index.php\/wp-json\/wp\/v2\/posts"}],"about":[{"href":"https:\/\/www.portalalerta.com.br\/index.php\/wp-json\/wp\/v2\/types\/post"}],"author":[{"embeddable":true,"href":"https:\/\/www.portalalerta.com.br\/index.php\/wp-json\/wp\/v2\/users\/2"}],"replies":[{"embeddable":true,"href":"https:\/\/www.portalalerta.com.br\/index.php\/wp-json\/wp\/v2\/comments?post=19438"}],"version-history":[{"count":1,"href":"https:\/\/www.portalalerta.com.br\/index.php\/wp-json\/wp\/v2\/posts\/19438\/revisions"}],"predecessor-version":[{"id":19440,"href":"https:\/\/www.portalalerta.com.br\/index.php\/wp-json\/wp\/v2\/posts\/19438\/revisions\/19440"}],"wp:featuredmedia":[{"embeddable":true,"href":"https:\/\/www.portalalerta.com.br\/index.php\/wp-json\/wp\/v2\/media\/19439"}],"wp:attachment":[{"href":"https:\/\/www.portalalerta.com.br\/index.php\/wp-json\/wp\/v2\/media?parent=19438"}],"wp:term":[{"taxonomy":"category","embeddable":true,"href":"https:\/\/www.portalalerta.com.br\/index.php\/wp-json\/wp\/v2\/categories?post=19438"},{"taxonomy":"post_tag","embeddable":true,"href":"https:\/\/www.portalalerta.com.br\/index.php\/wp-json\/wp\/v2\/tags?post=19438"}],"curies":[{"name":"wp","href":"https:\/\/api.w.org\/{rel}","templated":true}]}}