{"id":19443,"date":"2019-09-18T00:38:16","date_gmt":"2019-09-18T03:38:16","guid":{"rendered":"https:\/\/www.portalalerta.com.br\/?p=19443"},"modified":"2019-09-18T00:38:16","modified_gmt":"2019-09-18T03:38:16","slug":"globo-pede-desculpas-a-familia-bolsonaro-apos-materia-com-mulher-de-eduardo","status":"publish","type":"post","link":"https:\/\/www.portalalerta.com.br\/index.php\/2019\/09\/18\/globo-pede-desculpas-a-familia-bolsonaro-apos-materia-com-mulher-de-eduardo\/","title":{"rendered":"Globo pede desculpas \u00e0 fam\u00edlia Bolsonaro ap\u00f3s mat\u00e9ria com mulher de Eduardo"},"content":{"rendered":"<p style=\"text-align: justify;\">O Conselho Editorial do Grupo Globo divulgou comunicado reconhecendo erro da revista \u00c9poca em mat\u00e9ria sobre Heloisa Wolf Bolsonaro\u00a0mulher de Eduardo Bolsonaro (PSL-SP), deputado federal e filho do presidente Jair Bolsonaro (PSL).<!--more--><\/p>\n<p style=\"text-align: justify;\">A mat\u00e9ria em quest\u00e3o trazia um rep\u00f3rter que n\u00e3o havia se identificado como tal se submetendo a cinco sess\u00f5es online com Helo\u00edsa, que \u00e9 psic\u00f3loga. As aulas teriam sido gravadas sem a permiss\u00e3o ou conhecimento dela.<\/p>\n<p style=\"text-align: justify;\">Divulgada no final de semana passada,\u00a0a mat\u00e9ria gerou rea\u00e7\u00f5es irritadas tanto do presidente quanto de seu filho. Jair aproveitou para, em sua conta no Twitter, atacar toda a imprensa por conta do epis\u00f3dio.<\/p>\n<p style=\"text-align: justify;\"><strong><img fetchpriority=\"high\" decoding=\"async\" class=\"size-thumbnail wp-image-4869 aligncenter\" src=\"https:\/\/www.portalalerta.com.br\/wp-content\/uploads\/2018\/02\/Auto-Escola-Nobre-720x181.jpg\" alt=\"\" width=\"720\" height=\"181\" srcset=\"https:\/\/www.portalalerta.com.br\/wp-content\/uploads\/2018\/02\/Auto-Escola-Nobre.jpg 720w, https:\/\/www.portalalerta.com.br\/wp-content\/uploads\/2018\/02\/Auto-Escola-Nobre-260x65.jpg 260w, https:\/\/www.portalalerta.com.br\/wp-content\/uploads\/2018\/02\/Auto-Escola-Nobre-50x13.jpg 50w, https:\/\/www.portalalerta.com.br\/wp-content\/uploads\/2018\/02\/Auto-Escola-Nobre-150x38.jpg 150w\" sizes=\"(max-width: 720px) 100vw, 720px\" \/>IMPRENSA SEM LIMITES:<\/strong> sem se identificar, o jornalista Jo\u00e3o Paulo Saconi, \u00c9poca \/ Globo, se passou por gay e fez sess\u00f5es com minha nora Helo\u00edsa (psic\u00f3loga, esposa do Eduardo) e gravou tudo. O que deveria ficar apenas entre os dois, por quest\u00e3o de \u00e9tica, agora vem a p\u00fablico.<\/p>\n<p style=\"text-align: justify;\">\n<p style=\"text-align: justify;\"><img decoding=\"async\" class=\"aligncenter wp-image-19444 size-full\" src=\"https:\/\/www.portalalerta.com.br\/wp-content\/uploads\/2019\/09\/Fam\u00edlia-Bolsonaro-2019.1.jpg\" alt=\"\" width=\"550\" height=\"350\" srcset=\"https:\/\/www.portalalerta.com.br\/wp-content\/uploads\/2019\/09\/Fam\u00edlia-Bolsonaro-2019.1.jpg 550w, https:\/\/www.portalalerta.com.br\/wp-content\/uploads\/2019\/09\/Fam\u00edlia-Bolsonaro-2019.1-377x240.jpg 377w, https:\/\/www.portalalerta.com.br\/wp-content\/uploads\/2019\/09\/Fam\u00edlia-Bolsonaro-2019.1-229x146.jpg 229w, https:\/\/www.portalalerta.com.br\/wp-content\/uploads\/2019\/09\/Fam\u00edlia-Bolsonaro-2019.1-50x32.jpg 50w, https:\/\/www.portalalerta.com.br\/wp-content\/uploads\/2019\/09\/Fam\u00edlia-Bolsonaro-2019.1-118x75.jpg 118w\" sizes=\"(max-width: 550px) 100vw, 550px\" \/>O Grupo Globo, em nota, admite que a revista errou e fala que \u201co jornalismo n\u00e3o \u00e9 imune a erros\u201d. Por fim, ainda pediu desculpas diretamente para Heloisa e para seus leitores por uma decis\u00e3o editorial considerada \u201cequivocada\u201d.<\/p>\n<p style=\"text-align: justify;\"><strong>Leia a nota na \u00edntegra:<\/strong><\/p>\n<p style=\"text-align: justify;\"><em>UMA EXPLICA\u00c7\u00c3O NECESS\u00c1RIA<\/em><\/p>\n<p style=\"text-align: justify;\"><em>Nota do Conselho Editorial do Grupo Globo<\/em><\/p>\n<p style=\"text-align: justify;\"><em>\u201cComo toda atividade humana, o jornalismo n\u00e3o \u00e9 imune a erros. Os controles existem, s\u00e3o eficientes na maior parte das vezes, mas h\u00e1 casos em que uma sucess\u00e3o de eventos na cadeia que vai da pauta \u00e0 publica\u00e7\u00e3o de uma reportagem produz um equ\u00edvoco.<\/em><\/p>\n<p style=\"text-align: justify;\"><em>Foi o que aconteceu com a reportagem \u201cO coaching on-line de Heloisa Bolsonaro: as li\u00e7\u00f5es que podem ajudar Eduardo a ser embaixador\u201d, publicada na \u00faltima sexta-feira. \u00c9POCA se norteia pelos Princ\u00edpios Editoriais do Grupo Globo, de conhecimento dos leitores e de suas fontes desde 2011. Mas, ao decidir publicar a reportagem, a revista errou, sem dolo, na interpreta\u00e7\u00e3o de uma s\u00e9rie deles.<\/em><\/p>\n<p style=\"text-align: justify;\"><em>\u00c9 certo que em sua se\u00e7\u00e3o II, item 2, letra \u201ch\u201d, est\u00e1 dito: \u201cA privacidade das pessoas ser\u00e1 respeitada, especialmente em seu lar e em seu lugar de trabalho. A menos que esteja agindo contra a lei, ningu\u00e9m ser\u00e1 obrigado a participar de reportagens\u201d. A letra \u201ci\u201d da mesma se\u00e7\u00e3o abre a seguinte exce\u00e7\u00e3o: \u201cPessoas p\u00fablicas \u2013 celebridades, artistas, pol\u00edticos, autoridades religiosas, servidores p\u00fablicos em cargos de dire\u00e7\u00e3o, atletas e l\u00edderes empresariais, entre outros \u2013 por defini\u00e7\u00e3o abdicam em larga medida de seu direito \u00e0 privacidade. Al\u00e9m disso, aspectos de suas vidas privadas podem ser relevantes para o julgamento de suas vidas p\u00fablicas e para a defini\u00e7\u00e3o de suas personalidades e estilos de vida e, por isso, merecem aten\u00e7\u00e3o. Cada caso \u00e9 um caso, e a decis\u00e3o a respeito, como sempre, deve ser tomada ap\u00f3s reflex\u00e3o, de prefer\u00eancia que envolva o maior n\u00famero poss\u00edvel de pessoas\u201d.<\/em><\/p>\n<p style=\"text-align: justify;\"><em>O erro da revista foi tomar Heloisa Bolsonaro como pessoa p\u00fablica ao participar de seu coaching on-line. Heloisa leva, por\u00e9m, uma vida discreta, n\u00e3o participa de atividades p\u00fablicas e desempenha sua profiss\u00e3o de acordo com a lei. N\u00e3o pode, portanto, ser considerada uma figura p\u00fablica. Foi um erro de interpreta\u00e7\u00e3o que s\u00f3 com a repercuss\u00e3o negativa da reportagem se tornou evidente para a revista.<\/em><\/p>\n<p style=\"text-align: justify;\"><em>Em sua se\u00e7\u00e3o 1, item 1, letra \u201cr\u201d, os Princ\u00edpios Editoriais do Grupo Globo determinam: \u201cQuando uma decis\u00e3o editorial provocar questionamentos relevantes, abrangentes e leg\u00edtimos, os motivos que levaram a tal decis\u00e3o devem ser esclarecidos\u201d. E o pre\u00e2mbulo da mesma se\u00e7\u00e3o estabelece com clareza: \u201cN\u00e3o ha\u0301 f\u00f3rmula, e nem jamais haver\u00e1, que torne o jornalismo imune a erros. Quando eles acontecem, e\u0301 obriga\u00e7\u00e3o do ve\u00edculo corrigi-los de maneira transparente\u201d.<\/em><\/p>\n<p style=\"text-align: justify;\"><em>\u00c9 ao que visa esta Carta aos Leitores. Explicar o que levou \u00e0 decis\u00e3o editorial equivocada, reconhecer publicamente o erro e pedir desculpas a Heloisa Bolsonaro e aos leitores de \u00c9POCA.\u201d<\/em><\/p>\n<p style=\"text-align: justify;\"><em>Fonte: Yahoo Not\u00edcias <\/em><\/p>\n","protected":false},"excerpt":{"rendered":"<p>O Conselho Editorial do Grupo Globo divulgou comunicado reconhecendo erro da revista \u00c9poca em mat\u00e9ria sobre Heloisa Wolf Bolsonaro\u00a0mulher de Eduardo Bolsonaro (PSL-SP), deputado federal e filho do presidente Jair Bolsonaro (PSL).<\/p>\n","protected":false},"author":2,"featured_media":19445,"comment_status":"open","ping_status":"open","sticky":false,"template":"","format":"standard","meta":{"om_disable_all_campaigns":false,"_monsterinsights_skip_tracking":false,"_monsterinsights_sitenote_active":false,"_monsterinsights_sitenote_note":"","_monsterinsights_sitenote_category":0,"footnotes":""},"categories":[34,70,69,21],"tags":[93,1395,94,1844],"class_list":["post-19443","post","type-post","status-publish","format-standard","has-post-thumbnail","hentry","category-brasil","category-destaques","category-noticias2","category-politica","tag-brasil","tag-jair-bolsonaro","tag-presidente","tag-rede-globo"],"aioseo_notices":[],"_links":{"self":[{"href":"https:\/\/www.portalalerta.com.br\/index.php\/wp-json\/wp\/v2\/posts\/19443","targetHints":{"allow":["GET"]}}],"collection":[{"href":"https:\/\/www.portalalerta.com.br\/index.php\/wp-json\/wp\/v2\/posts"}],"about":[{"href":"https:\/\/www.portalalerta.com.br\/index.php\/wp-json\/wp\/v2\/types\/post"}],"author":[{"embeddable":true,"href":"https:\/\/www.portalalerta.com.br\/index.php\/wp-json\/wp\/v2\/users\/2"}],"replies":[{"embeddable":true,"href":"https:\/\/www.portalalerta.com.br\/index.php\/wp-json\/wp\/v2\/comments?post=19443"}],"version-history":[{"count":1,"href":"https:\/\/www.portalalerta.com.br\/index.php\/wp-json\/wp\/v2\/posts\/19443\/revisions"}],"predecessor-version":[{"id":19446,"href":"https:\/\/www.portalalerta.com.br\/index.php\/wp-json\/wp\/v2\/posts\/19443\/revisions\/19446"}],"wp:featuredmedia":[{"embeddable":true,"href":"https:\/\/www.portalalerta.com.br\/index.php\/wp-json\/wp\/v2\/media\/19445"}],"wp:attachment":[{"href":"https:\/\/www.portalalerta.com.br\/index.php\/wp-json\/wp\/v2\/media?parent=19443"}],"wp:term":[{"taxonomy":"category","embeddable":true,"href":"https:\/\/www.portalalerta.com.br\/index.php\/wp-json\/wp\/v2\/categories?post=19443"},{"taxonomy":"post_tag","embeddable":true,"href":"https:\/\/www.portalalerta.com.br\/index.php\/wp-json\/wp\/v2\/tags?post=19443"}],"curies":[{"name":"wp","href":"https:\/\/api.w.org\/{rel}","templated":true}]}}