{"id":19447,"date":"2019-09-18T01:13:28","date_gmt":"2019-09-18T04:13:28","guid":{"rendered":"https:\/\/www.portalalerta.com.br\/?p=19447"},"modified":"2019-09-18T01:13:28","modified_gmt":"2019-09-18T04:13:28","slug":"policia-faz-busca-e-apreensao-em-enderecos-da-deputada-flordelis","status":"publish","type":"post","link":"https:\/\/www.portalalerta.com.br\/index.php\/2019\/09\/18\/policia-faz-busca-e-apreensao-em-enderecos-da-deputada-flordelis\/","title":{"rendered":"Pol\u00edcia faz busca e apreens\u00e3o em endere\u00e7os da deputada Flordelis"},"content":{"rendered":"<p style=\"text-align: justify;\">A Delegacia de Homic\u00eddios de Niter\u00f3i, S\u00e3o Gon\u00e7alo e Itabora\u00ed deflagrou na manh\u00e3 desta ter\u00e7a-feira (17) uma opera\u00e7\u00e3o para cumprir mandados de busca e apreens\u00e3o em endere\u00e7os ligados \u00e0 deputada federal Flordelis.<!--more--><\/p>\n<p style=\"text-align: justify;\"><img fetchpriority=\"high\" decoding=\"async\" class=\"aligncenter wp-image-19448 size-thumbnail\" src=\"https:\/\/www.portalalerta.com.br\/wp-content\/uploads\/2019\/09\/Real-Anivers\u00e1rio-Pombal-2019-708x240.jpeg\" alt=\"\" width=\"708\" height=\"240\" srcset=\"https:\/\/www.portalalerta.com.br\/wp-content\/uploads\/2019\/09\/Real-Anivers\u00e1rio-Pombal-2019-708x240.jpeg 708w, https:\/\/www.portalalerta.com.br\/wp-content\/uploads\/2019\/09\/Real-Anivers\u00e1rio-Pombal-2019-260x88.jpeg 260w, https:\/\/www.portalalerta.com.br\/wp-content\/uploads\/2019\/09\/Real-Anivers\u00e1rio-Pombal-2019-50x17.jpeg 50w, https:\/\/www.portalalerta.com.br\/wp-content\/uploads\/2019\/09\/Real-Anivers\u00e1rio-Pombal-2019-150x51.jpeg 150w, https:\/\/www.portalalerta.com.br\/wp-content\/uploads\/2019\/09\/Real-Anivers\u00e1rio-Pombal-2019.jpeg 720w\" sizes=\"(max-width: 708px) 100vw, 708px\" \/>A a\u00e7\u00e3o faz parte das investiga\u00e7\u00f5es sobre o assassinato do marido da deputada, o pastor Anderson do Carmo, no dia 16 de junho. Dois filhos do casal, Fl\u00e1vio dos Santos Rodrigues e Lucas Cezar dos Santos de Souza, foram presos no dia 20 de junho pelo crime e tiveram a pris\u00e3o preventiva decretada em 17 de agosto.<\/p>\n<p style=\"text-align: justify;\">As buscas ocorrem em quatro endere\u00e7os da parlamentar: o apartamento funcional em Bras\u00edlia, a casa em Niter\u00f3i, o gabinete no Rio de Janeiro e um im\u00f3vel da fam\u00edlia em Jacarepagu\u00e1, Zona Oeste do Rio. O objetivo \u00e9 apreender celulares, computadores e documentos que possam contribuir para as investiga\u00e7\u00f5es.<\/p>\n<p style=\"text-align: justify;\"><em>Fonte: Agencia Brasil<\/em><\/p>\n","protected":false},"excerpt":{"rendered":"<p>A Delegacia de Homic\u00eddios de Niter\u00f3i, S\u00e3o Gon\u00e7alo e Itabora\u00ed deflagrou na manh\u00e3 desta ter\u00e7a-feira (17) uma opera\u00e7\u00e3o para cumprir mandados de busca e apreens\u00e3o em endere\u00e7os ligados \u00e0 deputada federal Flordelis.<\/p>\n","protected":false},"author":2,"featured_media":19449,"comment_status":"open","ping_status":"open","sticky":false,"template":"","format":"standard","meta":{"om_disable_all_campaigns":false,"_monsterinsights_skip_tracking":false,"_monsterinsights_sitenote_active":false,"_monsterinsights_sitenote_note":"","_monsterinsights_sitenote_category":0,"footnotes":""},"categories":[34,70,69,22],"tags":[93,1590,2935,206,175,122,300],"class_list":["post-19447","post","type-post","status-publish","format-standard","has-post-thumbnail","hentry","category-brasil","category-destaques","category-noticias2","category-seguranca","tag-brasil","tag-deputada-federal","tag-flordelis","tag-homicidio","tag-mandado-de-busca-e-apreensao","tag-policia-civil","tag-rio-de-janeiro"],"aioseo_notices":[],"_links":{"self":[{"href":"https:\/\/www.portalalerta.com.br\/index.php\/wp-json\/wp\/v2\/posts\/19447","targetHints":{"allow":["GET"]}}],"collection":[{"href":"https:\/\/www.portalalerta.com.br\/index.php\/wp-json\/wp\/v2\/posts"}],"about":[{"href":"https:\/\/www.portalalerta.com.br\/index.php\/wp-json\/wp\/v2\/types\/post"}],"author":[{"embeddable":true,"href":"https:\/\/www.portalalerta.com.br\/index.php\/wp-json\/wp\/v2\/users\/2"}],"replies":[{"embeddable":true,"href":"https:\/\/www.portalalerta.com.br\/index.php\/wp-json\/wp\/v2\/comments?post=19447"}],"version-history":[{"count":1,"href":"https:\/\/www.portalalerta.com.br\/index.php\/wp-json\/wp\/v2\/posts\/19447\/revisions"}],"predecessor-version":[{"id":19450,"href":"https:\/\/www.portalalerta.com.br\/index.php\/wp-json\/wp\/v2\/posts\/19447\/revisions\/19450"}],"wp:featuredmedia":[{"embeddable":true,"href":"https:\/\/www.portalalerta.com.br\/index.php\/wp-json\/wp\/v2\/media\/19449"}],"wp:attachment":[{"href":"https:\/\/www.portalalerta.com.br\/index.php\/wp-json\/wp\/v2\/media?parent=19447"}],"wp:term":[{"taxonomy":"category","embeddable":true,"href":"https:\/\/www.portalalerta.com.br\/index.php\/wp-json\/wp\/v2\/categories?post=19447"},{"taxonomy":"post_tag","embeddable":true,"href":"https:\/\/www.portalalerta.com.br\/index.php\/wp-json\/wp\/v2\/tags?post=19447"}],"curies":[{"name":"wp","href":"https:\/\/api.w.org\/{rel}","templated":true}]}}