{"id":19457,"date":"2019-09-19T16:58:28","date_gmt":"2019-09-19T19:58:28","guid":{"rendered":"https:\/\/www.portalalerta.com.br\/?p=19457"},"modified":"2019-09-19T16:58:28","modified_gmt":"2019-09-19T19:58:28","slug":"promotoria-acusa-najila-trindade-de-extorsao-e-denunciacao-caluniosa","status":"publish","type":"post","link":"https:\/\/www.portalalerta.com.br\/index.php\/2019\/09\/19\/promotoria-acusa-najila-trindade-de-extorsao-e-denunciacao-caluniosa\/","title":{"rendered":"Promotoria acusa Najila Trindade de extors\u00e3o e denuncia\u00e7\u00e3o caluniosa"},"content":{"rendered":"<p style=\"text-align: justify;\">O Minist\u00e9rio P\u00fablico do Estado de S\u00e3o Paulo fez uma den\u00fancia contra Najila Trindade, a mulher que disse ter sido estuprada por Neymar.<!--more--><\/p>\n<p style=\"text-align: justify;\">A Promotoria a acusa de denuncia\u00e7\u00e3o caluniosa, afirmando que ela sabia que n\u00e3o havia sido estuprada, e extors\u00e3o.<\/p>\n<p style=\"text-align: justify;\">Caso a Justi\u00e7a receba a den\u00fancia, Najila passar\u00e1 a ser r\u00e9.<br \/>\nO advogado de Najila, Cosme Ara\u00fajo, afirmou que s\u00f3 poderia comentar depois que tiver acesso \u00e0 c\u00f3pia da den\u00fancia. \u201cPara n\u00f3s ser\u00e1 bom para estarmos perto de um juiz. Tem muitas coisas para esclarecer que voc\u00eas v\u00e3o saber na hora certa\u201d, disse.<\/p>\n<p style=\"text-align: justify;\">O caso de estupro envolvendo o atacante Neymar foi arquivado em 8 de agosto, pela ju\u00edza Ana Paula Gomes Galv\u00e3o Vieira de Moraes, da Vara da Regi\u00e3o Sul 2 de Viol\u00eancia Dom\u00e9stica Familiar. Ela acatou um pedido do Minist\u00e9rio P\u00fablico de S\u00e3o Paulo. Caso haja novas provas, o inqu\u00e9rito poder\u00e1 ser reaberto a qualquer momento.<\/p>\n<p style=\"text-align: justify;\"><img fetchpriority=\"high\" decoding=\"async\" class=\"size-thumbnail wp-image-4869 aligncenter\" src=\"https:\/\/www.portalalerta.com.br\/wp-content\/uploads\/2018\/02\/Auto-Escola-Nobre-720x181.jpg\" alt=\"\" width=\"720\" height=\"181\" srcset=\"https:\/\/www.portalalerta.com.br\/wp-content\/uploads\/2018\/02\/Auto-Escola-Nobre.jpg 720w, https:\/\/www.portalalerta.com.br\/wp-content\/uploads\/2018\/02\/Auto-Escola-Nobre-260x65.jpg 260w, https:\/\/www.portalalerta.com.br\/wp-content\/uploads\/2018\/02\/Auto-Escola-Nobre-50x13.jpg 50w, https:\/\/www.portalalerta.com.br\/wp-content\/uploads\/2018\/02\/Auto-Escola-Nobre-150x38.jpg 150w\" sizes=\"(max-width: 720px) 100vw, 720px\" \/>Durante entrevista coletiva na \u00e9poca, a promotora Fl\u00e1via Merlini afirmou que os laudos do Instituto M\u00e9dico Legal (IML) n\u00e3o constataram nenhum sinal de viol\u00eancia em Najila. A suposta v\u00edtima apresentava uma les\u00e3o no dedo, ocorrida no dia seguinte ao suposto estupro, quando a modelo brigou com Neymar no quarto do hotel.<\/p>\n<p style=\"text-align: justify;\">A defesa de Najila entrou duas semanas depois com o pedido para desarquivar o inqu\u00e9rito e retomar as investiga\u00e7\u00f5es. O Minist\u00e9rio P\u00fablico se manifestou contra, avalia\u00e7\u00e3o que prevaleceu na decis\u00e3o da ju\u00edza Ana Paula Gomes Galv\u00e3o Vieira de Moraes.<\/p>\n<p style=\"text-align: justify;\">O caso envolvendo os dois veio a tona no dia 31 de maio, quando foi revelado que Neymar era acusado de agredir e estuprar a modelo Najila em um hotel em Paris, na noite do dia 15 de maio.<br \/>\n\u00c0 \u00e9poca da divulga\u00e7\u00e3o, Neymar estava concentrado para a Copa Am\u00e9rica com o restante dos jogadoras da sele\u00e7\u00e3o brasileira na Granja Comary, que recebeu agentes da Pol\u00edcia Civil que buscavam mais informa\u00e7\u00f5es sobre o jogador.<\/p>\n<p style=\"text-align: justify;\">Convocado pela Justi\u00e7a, ele prestou depoimento em 13 de junho em S\u00e3o Paulo e, dias antes, no Rio de Janeiro, onde \u00e9 investigado por ter divulgado fotos \u00edntimas de Najila em um v\u00eddeo postado nas redes sociais.<\/p>\n<p style=\"text-align: justify;\">Em junho, o jornal \u201cFolha de S.Paulo\u201d revelou que Najila deu vers\u00f5es diferentes sobre o caso em dois depoimentos prestados na Pol\u00edcia Civil. Na primeira vez em que foi ouvida sobre a acusa\u00e7\u00e3o de abuso sexual, n\u00e3o citou que o jogador teria se negado a usar camisinha no encontro dos dois no hotel em Paris.<\/p>\n<p style=\"text-align: justify;\">Uma semana depois, no dia 7 de junho, ela prestou um novo depoimento e afirmou na delegacia que, ap\u00f3s trocarem car\u00edcias, Neymar deu tapas nela. Depois, disse que o questionou sobre ele ter camisinha.<\/p>\n<p style=\"text-align: justify;\">A modelo tamb\u00e9m n\u00e3o entregou \u00e0 Justi\u00e7a o aparelho eletr\u00f4nico no qual ela teria gravado um v\u00eddeo que provaria o crime. Ela alega que o utens\u00edlio foi furtado.<\/p>\n<p style=\"text-align: justify;\">A Pol\u00edcia precisou de mais tempo que o inicialmente concedido para encerrar o caso, mas em julho, decidiu n\u00e3o indiciar o jogador na acusa\u00e7\u00e3o de estupro.<\/p>\n<p style=\"text-align: justify;\">No Rio de Janeiro, Neymar ainda responde pela suposta divulga\u00e7\u00e3o de fotos \u00edntimas de Najila.<\/p>\n<p style=\"text-align: justify;\"><em>Fonte: Canabrava FM<\/em><\/p>\n<p style=\"text-align: justify;\"><em>Com informa\u00e7\u00f5es: Agencia Brasil<\/em><\/p>\n","protected":false},"excerpt":{"rendered":"<p>O Minist\u00e9rio P\u00fablico do Estado de S\u00e3o Paulo fez uma den\u00fancia contra Najila Trindade, a mulher que disse ter sido estuprada por Neymar.<\/p>\n","protected":false},"author":2,"featured_media":18638,"comment_status":"open","ping_status":"open","sticky":false,"template":"","format":"standard","meta":{"om_disable_all_campaigns":false,"_monsterinsights_skip_tracking":false,"_monsterinsights_sitenote_active":false,"_monsterinsights_sitenote_note":"","_monsterinsights_sitenote_category":0,"footnotes":""},"categories":[34,70,69,22],"tags":[93,3140,270,352,2988,2923,404],"class_list":["post-19457","post","type-post","status-publish","format-standard","has-post-thumbnail","hentry","category-brasil","category-destaques","category-noticias2","category-seguranca","tag-brasil","tag-denunciacao-caluniosa","tag-justica","tag-ministerio-publico","tag-najila-trindade","tag-neymar","tag-sao-paulo"],"aioseo_notices":[],"_links":{"self":[{"href":"https:\/\/www.portalalerta.com.br\/index.php\/wp-json\/wp\/v2\/posts\/19457","targetHints":{"allow":["GET"]}}],"collection":[{"href":"https:\/\/www.portalalerta.com.br\/index.php\/wp-json\/wp\/v2\/posts"}],"about":[{"href":"https:\/\/www.portalalerta.com.br\/index.php\/wp-json\/wp\/v2\/types\/post"}],"author":[{"embeddable":true,"href":"https:\/\/www.portalalerta.com.br\/index.php\/wp-json\/wp\/v2\/users\/2"}],"replies":[{"embeddable":true,"href":"https:\/\/www.portalalerta.com.br\/index.php\/wp-json\/wp\/v2\/comments?post=19457"}],"version-history":[{"count":1,"href":"https:\/\/www.portalalerta.com.br\/index.php\/wp-json\/wp\/v2\/posts\/19457\/revisions"}],"predecessor-version":[{"id":19458,"href":"https:\/\/www.portalalerta.com.br\/index.php\/wp-json\/wp\/v2\/posts\/19457\/revisions\/19458"}],"wp:featuredmedia":[{"embeddable":true,"href":"https:\/\/www.portalalerta.com.br\/index.php\/wp-json\/wp\/v2\/media\/18638"}],"wp:attachment":[{"href":"https:\/\/www.portalalerta.com.br\/index.php\/wp-json\/wp\/v2\/media?parent=19457"}],"wp:term":[{"taxonomy":"category","embeddable":true,"href":"https:\/\/www.portalalerta.com.br\/index.php\/wp-json\/wp\/v2\/categories?post=19457"},{"taxonomy":"post_tag","embeddable":true,"href":"https:\/\/www.portalalerta.com.br\/index.php\/wp-json\/wp\/v2\/tags?post=19457"}],"curies":[{"name":"wp","href":"https:\/\/api.w.org\/{rel}","templated":true}]}}