{"id":19459,"date":"2019-09-19T17:05:16","date_gmt":"2019-09-19T20:05:16","guid":{"rendered":"https:\/\/www.portalalerta.com.br\/?p=19459"},"modified":"2019-09-19T17:05:16","modified_gmt":"2019-09-19T20:05:16","slug":"ribeira-do-pombal-ba-se-transformou-no-palco-da-cultura-popular","status":"publish","type":"post","link":"https:\/\/www.portalalerta.com.br\/index.php\/2019\/09\/19\/ribeira-do-pombal-ba-se-transformou-no-palco-da-cultura-popular\/","title":{"rendered":"Ribeira do Pombal-BA se transformou no palco da cultura popular"},"content":{"rendered":"<p style=\"text-align: justify;\">A Cultureira, feira cultural realizada em Ribeira do Pombal-BA, teve sua 7\u00aa edi\u00e7\u00e3o nesse final de semana, 14 e 15\/09, onde foi registrado grande sucesso atraindo expositores e visitantes, e mostrando que h\u00e1 cada ano vem crescendo exponencialmente, como aconteceu em 2019, quando bateu todos os recordes de n\u00famero de stands, de apresenta\u00e7\u00f5es e principalmente de p\u00fablico. A Pra\u00e7a da Juventude ficou tomada de um lado a outro pela criatividade de quem sabe fazer da cultura oportunidade de neg\u00f3cio.<!--more--><\/p>\n<p style=\"text-align: justify;\"><img fetchpriority=\"high\" decoding=\"async\" class=\"size-thumbnail wp-image-19448 aligncenter\" src=\"https:\/\/www.portalalerta.com.br\/wp-content\/uploads\/2019\/09\/Real-Anivers\u00e1rio-Pombal-2019-708x240.jpeg\" alt=\"\" width=\"708\" height=\"240\" srcset=\"https:\/\/www.portalalerta.com.br\/wp-content\/uploads\/2019\/09\/Real-Anivers\u00e1rio-Pombal-2019-708x240.jpeg 708w, https:\/\/www.portalalerta.com.br\/wp-content\/uploads\/2019\/09\/Real-Anivers\u00e1rio-Pombal-2019-260x88.jpeg 260w, https:\/\/www.portalalerta.com.br\/wp-content\/uploads\/2019\/09\/Real-Anivers\u00e1rio-Pombal-2019-50x17.jpeg 50w, https:\/\/www.portalalerta.com.br\/wp-content\/uploads\/2019\/09\/Real-Anivers\u00e1rio-Pombal-2019-150x51.jpeg 150w, https:\/\/www.portalalerta.com.br\/wp-content\/uploads\/2019\/09\/Real-Anivers\u00e1rio-Pombal-2019.jpeg 720w\" sizes=\"(max-width: 708px) 100vw, 708px\" \/>Foi um grande momento da Super Agenda Positiva de comemora\u00e7\u00e3o dos 86 anos de Emancipa\u00e7\u00e3o Pol\u00edtica de Ribeira do Pombal, o Secret\u00e1rio de Cultura, Osvaldo Rocha, falou sobre o evento, agradecendo a participa\u00e7\u00e3o de todos e parabenizou aos expositores que a \u201ccada edi\u00e7\u00e3o do evento, se dedicam mais e fazem, da Cultureira um evento vivo e din\u00e2mico\u201d.<\/p>\n<p style=\"text-align: justify;\">Com a grandiosidade de um evento como esse, que coloca a cultura em evidencia, todos os pombalenses ganham enquanto sociedade, pois \u00e0 medida que os elementos da identidade s\u00e3o cultivados e apresentados com tamanha intensidade, os cidad\u00e3os est\u00e3o, ao mesmo tempo, se afirmando enquanto povo e mostrando constante desenvolvimento.<\/p>\n<p style=\"text-align: justify;\">\u00a0Fonte: SECOM\/ Ribeira do Pombal<\/p>\n","protected":false},"excerpt":{"rendered":"<p>A Cultureira, feira cultural realizada em Ribeira do Pombal-BA, teve sua 7\u00aa edi\u00e7\u00e3o nesse final de semana, 14 e 15\/09, onde foi registrado grande sucesso atraindo expositores e visitantes, e mostrando que h\u00e1 cada ano vem crescendo exponencialmente, como aconteceu em 2019, quando bateu todos os recordes de n\u00famero de stands, de apresenta\u00e7\u00f5es e principalmente &hellip;<\/p>\n","protected":false},"author":2,"featured_media":19460,"comment_status":"open","ping_status":"open","sticky":false,"template":"","format":"standard","meta":{"om_disable_all_campaigns":false,"_monsterinsights_skip_tracking":false,"_monsterinsights_sitenote_active":false,"_monsterinsights_sitenote_note":"","_monsterinsights_sitenote_category":0,"footnotes":""},"categories":[70,36,69,32,3],"tags":[1031,1483,47],"class_list":["post-19459","post","type-post","status-publish","format-standard","has-post-thumbnail","hentry","category-destaques","category-lazer","category-noticias2","category-regiao","category-ribeira-do-pombal","tag-cultura","tag-cultureira","tag-ribeira-do-pombal"],"aioseo_notices":[],"_links":{"self":[{"href":"https:\/\/www.portalalerta.com.br\/index.php\/wp-json\/wp\/v2\/posts\/19459","targetHints":{"allow":["GET"]}}],"collection":[{"href":"https:\/\/www.portalalerta.com.br\/index.php\/wp-json\/wp\/v2\/posts"}],"about":[{"href":"https:\/\/www.portalalerta.com.br\/index.php\/wp-json\/wp\/v2\/types\/post"}],"author":[{"embeddable":true,"href":"https:\/\/www.portalalerta.com.br\/index.php\/wp-json\/wp\/v2\/users\/2"}],"replies":[{"embeddable":true,"href":"https:\/\/www.portalalerta.com.br\/index.php\/wp-json\/wp\/v2\/comments?post=19459"}],"version-history":[{"count":1,"href":"https:\/\/www.portalalerta.com.br\/index.php\/wp-json\/wp\/v2\/posts\/19459\/revisions"}],"predecessor-version":[{"id":19461,"href":"https:\/\/www.portalalerta.com.br\/index.php\/wp-json\/wp\/v2\/posts\/19459\/revisions\/19461"}],"wp:featuredmedia":[{"embeddable":true,"href":"https:\/\/www.portalalerta.com.br\/index.php\/wp-json\/wp\/v2\/media\/19460"}],"wp:attachment":[{"href":"https:\/\/www.portalalerta.com.br\/index.php\/wp-json\/wp\/v2\/media?parent=19459"}],"wp:term":[{"taxonomy":"category","embeddable":true,"href":"https:\/\/www.portalalerta.com.br\/index.php\/wp-json\/wp\/v2\/categories?post=19459"},{"taxonomy":"post_tag","embeddable":true,"href":"https:\/\/www.portalalerta.com.br\/index.php\/wp-json\/wp\/v2\/tags?post=19459"}],"curies":[{"name":"wp","href":"https:\/\/api.w.org\/{rel}","templated":true}]}}