{"id":19462,"date":"2019-09-19T17:11:02","date_gmt":"2019-09-19T20:11:02","guid":{"rendered":"https:\/\/www.portalalerta.com.br\/?p=19462"},"modified":"2019-09-19T17:11:02","modified_gmt":"2019-09-19T20:11:02","slug":"acusado-de-roubar-casa-loterica-em-adustina-ba-e-preso-no-interior-do-forum-de-ribeira-do-pombal-ba","status":"publish","type":"post","link":"https:\/\/www.portalalerta.com.br\/index.php\/2019\/09\/19\/acusado-de-roubar-casa-loterica-em-adustina-ba-e-preso-no-interior-do-forum-de-ribeira-do-pombal-ba\/","title":{"rendered":"Acusado de roubar Casa Lot\u00e9rica em Adustina-BA \u00e9 preso no interior do Forum de Ribeira do Pombal-BA"},"content":{"rendered":"<p style=\"text-align: justify;\">Por volta das 09:30hs da \u00faltima quarta-feira, 18, policiais civis de Ribeira do Pombal-BA, e militares da CIPE Nordeste em servi\u00e7o no F\u00f3rum Pombalense, suspeitaram de um rapaz que se encontrava no interior do referido local.<!--more--><\/p>\n<p style=\"text-align: justify;\"><img fetchpriority=\"high\" decoding=\"async\" class=\"size-full wp-image-2902 alignleft\" src=\"https:\/\/www.portalalerta.com.br\/wp-content\/uploads\/2017\/11\/elab-2.jpg\" alt=\"\" width=\"310\" height=\"200\" srcset=\"https:\/\/www.portalalerta.com.br\/wp-content\/uploads\/2017\/11\/elab-2.jpg 310w, https:\/\/www.portalalerta.com.br\/wp-content\/uploads\/2017\/11\/elab-2-226x146.jpg 226w, https:\/\/www.portalalerta.com.br\/wp-content\/uploads\/2017\/11\/elab-2-50x32.jpg 50w, https:\/\/www.portalalerta.com.br\/wp-content\/uploads\/2017\/11\/elab-2-116x75.jpg 116w\" sizes=\"(max-width: 310px) 100vw, 310px\" \/>Na abordagem, os policiais perceberam se tratar de Jos\u00e9 Cleriston Farias Pereira (Zominho), 29 anos, que tem em seu desfavor um Mandado de Pris\u00e3o Preventiva, lavrado pelo Comarca de Paripiranga-BA, onde o mesmo \u00e9 acusado pela pr\u00e1tica de um roubo a uma Casa Lot\u00e9rica, ocorrido em Adustina-BA.<\/p>\n<p style=\"text-align: justify;\">Zominho recebeu voz de pris\u00e3o, sendo conduzido posteriormente para a Carceragem da Pol\u00edcia Civil da cidade, onde foi formalizado o cumprimento do Mandado de Pris\u00e3o, se encontrando este custodiado \u00e0 disposi\u00e7\u00e3o da justi\u00e7a.<\/p>\n<figure id=\"attachment_19463\" aria-describedby=\"caption-attachment-19463\" style=\"width: 300px\" class=\"wp-caption aligncenter\"><img decoding=\"async\" class=\"wp-image-19463 size-full\" src=\"https:\/\/www.portalalerta.com.br\/wp-content\/uploads\/2019\/09\/Jos\u00e9-Cleriston-Farias-Pereira-Zominho.jpg\" alt=\"\" width=\"300\" height=\"300\" srcset=\"https:\/\/www.portalalerta.com.br\/wp-content\/uploads\/2019\/09\/Jos\u00e9-Cleriston-Farias-Pereira-Zominho.jpg 300w, https:\/\/www.portalalerta.com.br\/wp-content\/uploads\/2019\/09\/Jos\u00e9-Cleriston-Farias-Pereira-Zominho-240x240.jpg 240w, https:\/\/www.portalalerta.com.br\/wp-content\/uploads\/2019\/09\/Jos\u00e9-Cleriston-Farias-Pereira-Zominho-146x146.jpg 146w, https:\/\/www.portalalerta.com.br\/wp-content\/uploads\/2019\/09\/Jos\u00e9-Cleriston-Farias-Pereira-Zominho-50x50.jpg 50w, https:\/\/www.portalalerta.com.br\/wp-content\/uploads\/2019\/09\/Jos\u00e9-Cleriston-Farias-Pereira-Zominho-75x75.jpg 75w, https:\/\/www.portalalerta.com.br\/wp-content\/uploads\/2019\/09\/Jos\u00e9-Cleriston-Farias-Pereira-Zominho-85x85.jpg 85w, https:\/\/www.portalalerta.com.br\/wp-content\/uploads\/2019\/09\/Jos\u00e9-Cleriston-Farias-Pereira-Zominho-80x80.jpg 80w\" sizes=\"(max-width: 300px) 100vw, 300px\" \/><figcaption id=\"caption-attachment-19463\" class=\"wp-caption-text\">&#8220;Zominho&#8221; \u00e9 acusado de ter participado de roubo \u00e0 casa Lot\u00e9rica. Arquivo Pombal Alerta<\/figcaption><\/figure>\n<p style=\"text-align: justify;\"><em>Reda\u00e7\u00e3o: Portal Alerta <\/em><\/p>\n","protected":false},"excerpt":{"rendered":"<p>Por volta das 09:30hs da \u00faltima quarta-feira, 18, policiais civis de Ribeira do Pombal-BA, e militares da CIPE Nordeste em servi\u00e7o no F\u00f3rum Pombalense, suspeitaram de um rapaz que se encontrava no interior do referido local.<\/p>\n","protected":false},"author":2,"featured_media":18440,"comment_status":"open","ping_status":"open","sticky":false,"template":"","format":"standard","meta":{"om_disable_all_campaigns":false,"_monsterinsights_skip_tracking":false,"_monsterinsights_sitenote_active":false,"_monsterinsights_sitenote_note":"","_monsterinsights_sitenote_category":0,"footnotes":""},"categories":[40,70,69,32,3,22],"tags":[100,3026,167,488,122,79,77,47],"class_list":["post-19462","post","type-post","status-publish","format-standard","has-post-thumbnail","hentry","category-adustina","category-destaques","category-noticias2","category-regiao","category-ribeira-do-pombal","category-seguranca","tag-adustina","tag-assalto-a-casa-loterica","tag-cipe-nordeste","tag-mandado-de-prisao","tag-policia-civil","tag-policia-militar","tag-preso","tag-ribeira-do-pombal"],"aioseo_notices":[],"_links":{"self":[{"href":"https:\/\/www.portalalerta.com.br\/index.php\/wp-json\/wp\/v2\/posts\/19462","targetHints":{"allow":["GET"]}}],"collection":[{"href":"https:\/\/www.portalalerta.com.br\/index.php\/wp-json\/wp\/v2\/posts"}],"about":[{"href":"https:\/\/www.portalalerta.com.br\/index.php\/wp-json\/wp\/v2\/types\/post"}],"author":[{"embeddable":true,"href":"https:\/\/www.portalalerta.com.br\/index.php\/wp-json\/wp\/v2\/users\/2"}],"replies":[{"embeddable":true,"href":"https:\/\/www.portalalerta.com.br\/index.php\/wp-json\/wp\/v2\/comments?post=19462"}],"version-history":[{"count":1,"href":"https:\/\/www.portalalerta.com.br\/index.php\/wp-json\/wp\/v2\/posts\/19462\/revisions"}],"predecessor-version":[{"id":19464,"href":"https:\/\/www.portalalerta.com.br\/index.php\/wp-json\/wp\/v2\/posts\/19462\/revisions\/19464"}],"wp:featuredmedia":[{"embeddable":true,"href":"https:\/\/www.portalalerta.com.br\/index.php\/wp-json\/wp\/v2\/media\/18440"}],"wp:attachment":[{"href":"https:\/\/www.portalalerta.com.br\/index.php\/wp-json\/wp\/v2\/media?parent=19462"}],"wp:term":[{"taxonomy":"category","embeddable":true,"href":"https:\/\/www.portalalerta.com.br\/index.php\/wp-json\/wp\/v2\/categories?post=19462"},{"taxonomy":"post_tag","embeddable":true,"href":"https:\/\/www.portalalerta.com.br\/index.php\/wp-json\/wp\/v2\/tags?post=19462"}],"curies":[{"name":"wp","href":"https:\/\/api.w.org\/{rel}","templated":true}]}}