{"id":19707,"date":"2019-10-06T23:38:42","date_gmt":"2019-10-07T02:38:42","guid":{"rendered":"https:\/\/www.portalalerta.com.br\/?p=19707"},"modified":"2019-10-06T23:38:42","modified_gmt":"2019-10-07T02:38:42","slug":"bolsonaro-se-irrita-e-responde-homem-que-o-perguntou-sobre-queiroz-ta-com-sua-mae","status":"publish","type":"post","link":"https:\/\/www.portalalerta.com.br\/index.php\/2019\/10\/06\/bolsonaro-se-irrita-e-responde-homem-que-o-perguntou-sobre-queiroz-ta-com-sua-mae\/","title":{"rendered":"Bolsonaro se irrita e responde homem que o perguntou sobre Queiroz: &#8216;T\u00e1 com sua m\u00e3e&#8217;"},"content":{"rendered":"<p style=\"text-align: justify;\">O presidente Jair Bolsonaro (PSL) perdeu a paci\u00eancia neste s\u00e1bado (4) com um homem que o questionou sobre o ex-assessor do seu filho e senador Fl\u00e1vio Bolsonaro (PSL-RJ), Fabr\u00edcio Queiroz. \u00a0\u201cT\u00e1 com sua m\u00e3e\u201d, respondeu o chefe de Estado, em frente ao Pal\u00e1cio do Planalto. As informa\u00e7\u00f5es s\u00e3o do jornal Folha de S. Paulo.<!--more--><\/p>\n<p><img fetchpriority=\"high\" decoding=\"async\" class=\"size-thumbnail wp-image-4869 aligncenter\" src=\"https:\/\/www.portalalerta.com.br\/wp-content\/uploads\/2018\/02\/Auto-Escola-Nobre-720x181.jpg\" alt=\"\" width=\"720\" height=\"181\" srcset=\"https:\/\/www.portalalerta.com.br\/wp-content\/uploads\/2018\/02\/Auto-Escola-Nobre.jpg 720w, https:\/\/www.portalalerta.com.br\/wp-content\/uploads\/2018\/02\/Auto-Escola-Nobre-260x65.jpg 260w, https:\/\/www.portalalerta.com.br\/wp-content\/uploads\/2018\/02\/Auto-Escola-Nobre-50x13.jpg 50w, https:\/\/www.portalalerta.com.br\/wp-content\/uploads\/2018\/02\/Auto-Escola-Nobre-150x38.jpg 150w\" sizes=\"(max-width: 720px) 100vw, 720px\" \/>A resposta foi a um ciclista, cujo nome n\u00e3o foi identificado. Bolsonaro conversava com apoiadores no momento da pergunta. Ele andava de moto nos arredores do Planalto, quando parou para conversar com algumas pessoas.<\/p>\n<p>Antes do questionamento, ele recebeu elogios e tirou fotos com alguns f\u00e3s que estavam em frente ao pal\u00e1cio.<\/p>\n<p style=\"text-align: justify;\"><em>Fonte: Bahia Not\u00edcias<\/em><\/p>\n","protected":false},"excerpt":{"rendered":"<p>O presidente Jair Bolsonaro (PSL) perdeu a paci\u00eancia neste s\u00e1bado (4) com um homem que o questionou sobre o ex-assessor do seu filho e senador Fl\u00e1vio Bolsonaro (PSL-RJ), Fabr\u00edcio Queiroz. \u00a0\u201cT\u00e1 com sua m\u00e3e\u201d, respondeu o chefe de Estado, em frente ao Pal\u00e1cio do Planalto. As informa\u00e7\u00f5es s\u00e3o do jornal Folha de S. Paulo.<\/p>\n","protected":false},"author":2,"featured_media":17420,"comment_status":"open","ping_status":"open","sticky":false,"template":"","format":"standard","meta":{"om_disable_all_campaigns":false,"_monsterinsights_skip_tracking":false,"_monsterinsights_sitenote_active":false,"_monsterinsights_sitenote_note":"","_monsterinsights_sitenote_category":0,"footnotes":""},"categories":[34,70,69,21],"tags":[93,2031,1395],"class_list":["post-19707","post","type-post","status-publish","format-standard","has-post-thumbnail","hentry","category-brasil","category-destaques","category-noticias2","category-politica","tag-brasil","tag-fabricio-queiroz","tag-jair-bolsonaro"],"aioseo_notices":[],"_links":{"self":[{"href":"https:\/\/www.portalalerta.com.br\/index.php\/wp-json\/wp\/v2\/posts\/19707","targetHints":{"allow":["GET"]}}],"collection":[{"href":"https:\/\/www.portalalerta.com.br\/index.php\/wp-json\/wp\/v2\/posts"}],"about":[{"href":"https:\/\/www.portalalerta.com.br\/index.php\/wp-json\/wp\/v2\/types\/post"}],"author":[{"embeddable":true,"href":"https:\/\/www.portalalerta.com.br\/index.php\/wp-json\/wp\/v2\/users\/2"}],"replies":[{"embeddable":true,"href":"https:\/\/www.portalalerta.com.br\/index.php\/wp-json\/wp\/v2\/comments?post=19707"}],"version-history":[{"count":1,"href":"https:\/\/www.portalalerta.com.br\/index.php\/wp-json\/wp\/v2\/posts\/19707\/revisions"}],"predecessor-version":[{"id":19708,"href":"https:\/\/www.portalalerta.com.br\/index.php\/wp-json\/wp\/v2\/posts\/19707\/revisions\/19708"}],"wp:featuredmedia":[{"embeddable":true,"href":"https:\/\/www.portalalerta.com.br\/index.php\/wp-json\/wp\/v2\/media\/17420"}],"wp:attachment":[{"href":"https:\/\/www.portalalerta.com.br\/index.php\/wp-json\/wp\/v2\/media?parent=19707"}],"wp:term":[{"taxonomy":"category","embeddable":true,"href":"https:\/\/www.portalalerta.com.br\/index.php\/wp-json\/wp\/v2\/categories?post=19707"},{"taxonomy":"post_tag","embeddable":true,"href":"https:\/\/www.portalalerta.com.br\/index.php\/wp-json\/wp\/v2\/tags?post=19707"}],"curies":[{"name":"wp","href":"https:\/\/api.w.org\/{rel}","templated":true}]}}