{"id":19709,"date":"2019-10-07T01:08:55","date_gmt":"2019-10-07T04:08:55","guid":{"rendered":"https:\/\/www.portalalerta.com.br\/?p=19709"},"modified":"2019-10-07T01:08:55","modified_gmt":"2019-10-07T04:08:55","slug":"adolescente-e-assassinado-em-araci-ba","status":"publish","type":"post","link":"https:\/\/www.portalalerta.com.br\/index.php\/2019\/10\/07\/adolescente-e-assassinado-em-araci-ba\/","title":{"rendered":"Adolescente \u00e9 assassinado em Araci-BA"},"content":{"rendered":"<p>Um adolescente de 17 anos foi encontrado morto na madrugada deste s\u00e1bado (5) no Recanto das Flores localizado no bairro Cascalheira, em Araci-BA.\u00a0<!--more--><\/p>\n<p><img fetchpriority=\"high\" decoding=\"async\" class=\"size-thumbnail wp-image-19607 aligncenter\" src=\"https:\/\/www.portalalerta.com.br\/wp-content\/uploads\/2019\/09\/Real-Dia-das-Crian\u00e7as-2019-720x91.jpg\" alt=\"\" width=\"720\" height=\"91\" \/>De acordo com informa\u00e7\u00f5es, Uanderson Concei\u00e7\u00e3o dos Santos tinha les\u00f5es em v\u00e1rias partes do corpo. A suspeita \u00e9 de que ele tenha sido agredido com pauladas.<\/p>\n<p>A autoria e as circunst\u00e2ncias do crime, que aconteceu por volta de 01:30h, s\u00e3o desconhecidas. O corpo de Uanderson foi encaminhado para o Departamento de Pol\u00edcia T\u00e9cnica (DPT), para a realiza\u00e7\u00e3o da per\u00edcia.<\/p>\n<p><em>Fonte: Cleriston Silva<\/em><\/p>\n","protected":false},"excerpt":{"rendered":"<p>Um adolescente de 17 anos foi encontrado morto na madrugada deste s\u00e1bado (5) no Recanto das Flores localizado no bairro Cascalheira, em Araci-BA.\u00a0<\/p>\n","protected":false},"author":2,"featured_media":19710,"comment_status":"open","ping_status":"open","sticky":false,"template":"","format":"standard","meta":{"om_disable_all_campaigns":false,"_monsterinsights_skip_tracking":false,"_monsterinsights_sitenote_active":false,"_monsterinsights_sitenote_note":"","_monsterinsights_sitenote_category":0,"footnotes":""},"categories":[41,70,69,32,22],"tags":[1222,48,206,169],"class_list":["post-19709","post","type-post","status-publish","format-standard","has-post-thumbnail","hentry","category-araci","category-destaques","category-noticias2","category-regiao","category-seguranca","tag-adolescente","tag-araci","tag-homicidio","tag-morte"],"aioseo_notices":[],"_links":{"self":[{"href":"https:\/\/www.portalalerta.com.br\/index.php\/wp-json\/wp\/v2\/posts\/19709","targetHints":{"allow":["GET"]}}],"collection":[{"href":"https:\/\/www.portalalerta.com.br\/index.php\/wp-json\/wp\/v2\/posts"}],"about":[{"href":"https:\/\/www.portalalerta.com.br\/index.php\/wp-json\/wp\/v2\/types\/post"}],"author":[{"embeddable":true,"href":"https:\/\/www.portalalerta.com.br\/index.php\/wp-json\/wp\/v2\/users\/2"}],"replies":[{"embeddable":true,"href":"https:\/\/www.portalalerta.com.br\/index.php\/wp-json\/wp\/v2\/comments?post=19709"}],"version-history":[{"count":1,"href":"https:\/\/www.portalalerta.com.br\/index.php\/wp-json\/wp\/v2\/posts\/19709\/revisions"}],"predecessor-version":[{"id":19711,"href":"https:\/\/www.portalalerta.com.br\/index.php\/wp-json\/wp\/v2\/posts\/19709\/revisions\/19711"}],"wp:featuredmedia":[{"embeddable":true,"href":"https:\/\/www.portalalerta.com.br\/index.php\/wp-json\/wp\/v2\/media\/19710"}],"wp:attachment":[{"href":"https:\/\/www.portalalerta.com.br\/index.php\/wp-json\/wp\/v2\/media?parent=19709"}],"wp:term":[{"taxonomy":"category","embeddable":true,"href":"https:\/\/www.portalalerta.com.br\/index.php\/wp-json\/wp\/v2\/categories?post=19709"},{"taxonomy":"post_tag","embeddable":true,"href":"https:\/\/www.portalalerta.com.br\/index.php\/wp-json\/wp\/v2\/tags?post=19709"}],"curies":[{"name":"wp","href":"https:\/\/api.w.org\/{rel}","templated":true}]}}